{"id":8128,"date":"2025-01-14T16:30:00","date_gmt":"2025-01-14T19:30:00","guid":{"rendered":"http:\/\/blogdoarmindomaia.com.br\/?p=8128"},"modified":"2025-01-14T16:30:03","modified_gmt":"2025-01-14T19:30:03","slug":"reuniao-com-o-secretariado-define-metas-do-novo-mandato-em-araxa","status":"publish","type":"post","link":"http:\/\/blogdoarmindomaia.com.br\/?p=8128","title":{"rendered":"Reuni\u00e3o com o secretariado define metas do novo mandato em Arax\u00e1"},"content":{"rendered":"\n<figure class=\"wp-block-image size-large\"><img loading=\"lazy\" decoding=\"async\" width=\"1024\" height=\"768\" src=\"http:\/\/blogdoarmindomaia.com.br\/wp-content\/uploads\/2025\/01\/Reuniao-com-o-secretariado-define-metas-do-novo-mandato-em-Araxa-pag-09-1024x768.jpeg\" alt=\"\" class=\"wp-image-8129\" srcset=\"http:\/\/blogdoarmindomaia.com.br\/wp-content\/uploads\/2025\/01\/Reuniao-com-o-secretariado-define-metas-do-novo-mandato-em-Araxa-pag-09-1024x768.jpeg 1024w, http:\/\/blogdoarmindomaia.com.br\/wp-content\/uploads\/2025\/01\/Reuniao-com-o-secretariado-define-metas-do-novo-mandato-em-Araxa-pag-09-300x225.jpeg 300w, http:\/\/blogdoarmindomaia.com.br\/wp-content\/uploads\/2025\/01\/Reuniao-com-o-secretariado-define-metas-do-novo-mandato-em-Araxa-pag-09-768x576.jpeg 768w, http:\/\/blogdoarmindomaia.com.br\/wp-content\/uploads\/2025\/01\/Reuniao-com-o-secretariado-define-metas-do-novo-mandato-em-Araxa-pag-09-1536x1152.jpeg 1536w, http:\/\/blogdoarmindomaia.com.br\/wp-content\/uploads\/2025\/01\/Reuniao-com-o-secretariado-define-metas-do-novo-mandato-em-Araxa-pag-09-2048x1536.jpeg 2048w\" sizes=\"auto, (max-width: 1024px) 100vw, 1024px\" \/><\/figure>\n\n\n\n<p>Integra\u00e7\u00e3o, alinhamento e planejamento estrat\u00e9gico. O prefeito Robson Magela realizou a primeira reuni\u00e3o com o secretariado municipal da gest\u00e3o 2025-2028. O encontro, realizado na \u00faltima segunda-feira (13), na sede da Prefeitura de Arax\u00e1, discutiu as principais metas e objetivos deste novo mandato.<br><br>Participaram da reuni\u00e3o o vice-prefeito Bosco J\u00fanior, os secret\u00e1rios municipais e os presidentes de funda\u00e7\u00f5es e autarquias. As discuss\u00f5es giraram em torno das prioridades de cada pasta, com a apresenta\u00e7\u00e3o de estrat\u00e9gias para atender as principais necessidades do munic\u00edpio.<br><br>O prefeito Robson Magela refor\u00e7ou a necessidade de colabora\u00e7\u00e3o entre as secretarias para atingir os objetivos tra\u00e7ados. \u201cEsse primeiro encontro \u00e9 essencial para alinhar as a\u00e7\u00f5es e fortalecer o trabalho em equipe. Nosso compromisso \u00e9 buscar o melhor para a popula\u00e7\u00e3o. Por isso, pretendemos reestruturar alguns projetos j\u00e1 existentes para torn\u00e1-los ainda melhores. Al\u00e9m disso, vamos focar na cria\u00e7\u00e3o de novos projetos que atendam \u00e0s necessidades da popula\u00e7\u00e3o\u201d, afirma.<br><br>De acordo com o vice-prefeito Bosco J\u00fanior, trabalhar com planejamento e escuta ativa \u00e9 fundamental para desenvolver um bom trabalho. \u201cNosso compromisso p\u00fablico \u00e9 estar sempre presente, acompanhando de perto as demandas da nossa cidade, inclusive participando de todas as reuni\u00f5es da C\u00e2mara. Estamos comprometidos em oferecer projetos e a\u00e7\u00f5es que realmente fa\u00e7am a diferen\u00e7a na vida das pessoas\u201d, destaca.<\/p>\n","protected":false},"excerpt":{"rendered":"<p>Integra\u00e7\u00e3o, alinhamento e planejamento estrat\u00e9gico. O prefeito Robson Magela realizou a primeira reuni\u00e3o com o secretariado municipal da gest\u00e3o 2025-2028.<\/p>\n","protected":false},"author":2,"featured_media":8129,"comment_status":"open","ping_status":"open","sticky":false,"template":"","format":"standard","meta":{"footnotes":""},"categories":[9,11],"tags":[],"class_list":["post-8128","post","type-post","status-publish","format-standard","has-post-thumbnail","hentry","category-araxa","category-destaques"],"_links":{"self":[{"href":"http:\/\/blogdoarmindomaia.com.br\/index.php?rest_route=\/wp\/v2\/posts\/8128","targetHints":{"allow":["GET"]}}],"collection":[{"href":"http:\/\/blogdoarmindomaia.com.br\/index.php?rest_route=\/wp\/v2\/posts"}],"about":[{"href":"http:\/\/blogdoarmindomaia.com.br\/index.php?rest_route=\/wp\/v2\/types\/post"}],"author":[{"embeddable":true,"href":"http:\/\/blogdoarmindomaia.com.br\/index.php?rest_route=\/wp\/v2\/users\/2"}],"replies":[{"embeddable":true,"href":"http:\/\/blogdoarmindomaia.com.br\/index.php?rest_route=%2Fwp%2Fv2%2Fcomments&post=8128"}],"version-history":[{"count":1,"href":"http:\/\/blogdoarmindomaia.com.br\/index.php?rest_route=\/wp\/v2\/posts\/8128\/revisions"}],"predecessor-version":[{"id":8130,"href":"http:\/\/blogdoarmindomaia.com.br\/index.php?rest_route=\/wp\/v2\/posts\/8128\/revisions\/8130"}],"wp:featuredmedia":[{"embeddable":true,"href":"http:\/\/blogdoarmindomaia.com.br\/index.php?rest_route=\/wp\/v2\/media\/8129"}],"wp:attachment":[{"href":"http:\/\/blogdoarmindomaia.com.br\/index.php?rest_route=%2Fwp%2Fv2%2Fmedia&parent=8128"}],"wp:term":[{"taxonomy":"category","embeddable":true,"href":"http:\/\/blogdoarmindomaia.com.br\/index.php?rest_route=%2Fwp%2Fv2%2Fcategories&post=8128"},{"taxonomy":"post_tag","embeddable":true,"href":"http:\/\/blogdoarmindomaia.com.br\/index.php?rest_route=%2Fwp%2Fv2%2Ftags&post=8128"}],"curies":[{"name":"wp","href":"https:\/\/api.w.org\/{rel}","templated":true}]}}