{"id":8131,"date":"2025-01-14T16:32:35","date_gmt":"2025-01-14T19:32:35","guid":{"rendered":"http:\/\/blogdoarmindomaia.com.br\/?p=8131"},"modified":"2025-01-14T16:32:37","modified_gmt":"2025-01-14T19:32:37","slug":"ana-tereza-e-jader-ferreira-sao-os-novos-secretarios-municipais-de-araxa","status":"publish","type":"post","link":"http:\/\/blogdoarmindomaia.com.br\/?p=8131","title":{"rendered":"Ana Tereza e Jader Ferreira s\u00e3o os novos secret\u00e1rios municipais de Arax\u00e1"},"content":{"rendered":"\n<figure class=\"wp-block-image size-full\"><img loading=\"lazy\" decoding=\"async\" width=\"634\" height=\"324\" src=\"http:\/\/blogdoarmindomaia.com.br\/wp-content\/uploads\/2025\/01\/Ana-Tereza-e-Jader-Ferreira-sao-os-novos-secretarios-municipais-de-Araxa-pag-09.jpg\" alt=\"\" class=\"wp-image-8132\" srcset=\"http:\/\/blogdoarmindomaia.com.br\/wp-content\/uploads\/2025\/01\/Ana-Tereza-e-Jader-Ferreira-sao-os-novos-secretarios-municipais-de-Araxa-pag-09.jpg 634w, http:\/\/blogdoarmindomaia.com.br\/wp-content\/uploads\/2025\/01\/Ana-Tereza-e-Jader-Ferreira-sao-os-novos-secretarios-municipais-de-Araxa-pag-09-300x153.jpg 300w\" sizes=\"auto, (max-width: 634px) 100vw, 634px\" \/><\/figure>\n\n\n\n<p>O prefeito Robson Magela anunciou mudan\u00e7as significativas na gest\u00e3o municipal, com novos nomes \u00e0 frente da Secretaria de Servi\u00e7os Urbanos e da Superintend\u00eancia do Instituto de Previd\u00eancia Municipal de Arax\u00e1 (Iprema). Essas altera\u00e7\u00f5es marcam o in\u00edcio de uma reestrutura\u00e7\u00e3o administrativa na Prefeitura de Arax\u00e1 para o novo mandato.<br><br>Anna Tereza de Campos Magalh\u00e3es de \u00c1vila assume a Secretaria de Servi\u00e7os Urbanos, substituindo Marcos Vin\u00edcius Ara\u00fajo. Funcion\u00e1ria p\u00fablica concursada h\u00e1 mais de 12 anos, Anna j\u00e1 ocupava fun\u00e7\u00f5es de coordena\u00e7\u00e3o e gest\u00e3o na secretaria. Graduada em Gest\u00e3o P\u00fablica, ela possui ampla experi\u00eancia em gest\u00e3o de pessoas. Antes de ingressar no servi\u00e7o p\u00fablico, trabalhou por cinco anos na Dynatest Engenharia, atuando na fiscaliza\u00e7\u00e3o e gest\u00e3o de contratos do Departamento Nacional de Infraestrutura de Transportes (DNIT).<br><br>Jader Alves Ferreira \u00e9 o novo superintendente do Instituto de Previd\u00eancia Municipal de Arax\u00e1 (Iprema), substituindo Rog\u00e9rio Farah. Graduado em Administra\u00e7\u00e3o de Empresas e em Direito, Jader foi Procurador Geral do Munic\u00edpio de Arax\u00e1 (1989\u20131992 e 2000), elaborou o projeto de lei que instituiu o Iprema e foi assessor jur\u00eddico em diversas prefeituras e c\u00e2maras municipais da regi\u00e3o. Ele tamb\u00e9m prestou assessoria jur\u00eddica ao CIMPLA\/AMPLA. No meio acad\u00eamico, foi professor universit\u00e1rio em Uberaba e Arax\u00e1, lecionando nos cursos de Direito, Administra\u00e7\u00e3o e Jornalismo. O novo superintendente tamb\u00e9m possui certifica\u00e7\u00e3o para dirigir entidades de Regime Pr\u00f3prio de Previd\u00eancia &nbsp;Social (RPPS).<\/p>\n","protected":false},"excerpt":{"rendered":"<p>O prefeito Robson Magela anunciou mudan\u00e7as significativas na gest\u00e3o municipal, com novos nomes \u00e0 frente da Secretaria de Servi\u00e7os Urbanos<\/p>\n","protected":false},"author":2,"featured_media":8132,"comment_status":"open","ping_status":"open","sticky":false,"template":"","format":"standard","meta":{"footnotes":""},"categories":[9,11],"tags":[],"class_list":["post-8131","post","type-post","status-publish","format-standard","has-post-thumbnail","hentry","category-araxa","category-destaques"],"_links":{"self":[{"href":"http:\/\/blogdoarmindomaia.com.br\/index.php?rest_route=\/wp\/v2\/posts\/8131","targetHints":{"allow":["GET"]}}],"collection":[{"href":"http:\/\/blogdoarmindomaia.com.br\/index.php?rest_route=\/wp\/v2\/posts"}],"about":[{"href":"http:\/\/blogdoarmindomaia.com.br\/index.php?rest_route=\/wp\/v2\/types\/post"}],"author":[{"embeddable":true,"href":"http:\/\/blogdoarmindomaia.com.br\/index.php?rest_route=\/wp\/v2\/users\/2"}],"replies":[{"embeddable":true,"href":"http:\/\/blogdoarmindomaia.com.br\/index.php?rest_route=%2Fwp%2Fv2%2Fcomments&post=8131"}],"version-history":[{"count":1,"href":"http:\/\/blogdoarmindomaia.com.br\/index.php?rest_route=\/wp\/v2\/posts\/8131\/revisions"}],"predecessor-version":[{"id":8133,"href":"http:\/\/blogdoarmindomaia.com.br\/index.php?rest_route=\/wp\/v2\/posts\/8131\/revisions\/8133"}],"wp:featuredmedia":[{"embeddable":true,"href":"http:\/\/blogdoarmindomaia.com.br\/index.php?rest_route=\/wp\/v2\/media\/8132"}],"wp:attachment":[{"href":"http:\/\/blogdoarmindomaia.com.br\/index.php?rest_route=%2Fwp%2Fv2%2Fmedia&parent=8131"}],"wp:term":[{"taxonomy":"category","embeddable":true,"href":"http:\/\/blogdoarmindomaia.com.br\/index.php?rest_route=%2Fwp%2Fv2%2Fcategories&post=8131"},{"taxonomy":"post_tag","embeddable":true,"href":"http:\/\/blogdoarmindomaia.com.br\/index.php?rest_route=%2Fwp%2Fv2%2Ftags&post=8131"}],"curies":[{"name":"wp","href":"https:\/\/api.w.org\/{rel}","templated":true}]}}