{"id":8168,"date":"2025-01-21T11:15:49","date_gmt":"2025-01-21T14:15:49","guid":{"rendered":"http:\/\/blogdoarmindomaia.com.br\/?p=8168"},"modified":"2025-01-21T11:15:49","modified_gmt":"2025-01-21T14:15:49","slug":"inaugurada-a-praca-dos-santos-reis-no-bairro-pao-de-acucar","status":"publish","type":"post","link":"http:\/\/blogdoarmindomaia.com.br\/?p=8168","title":{"rendered":"Inaugurada a Pra\u00e7a dos Santos Reis no bairro P\u00e3o de A\u00e7\u00facar"},"content":{"rendered":"\n<figure class=\"wp-block-image size-large\"><img loading=\"lazy\" decoding=\"async\" width=\"1024\" height=\"682\" src=\"http:\/\/blogdoarmindomaia.com.br\/wp-content\/uploads\/2025\/01\/Prefeitura-inaugura-Praca-dos-Santos-Reis-no-bairro-Pao-de-Acucar-8-1024x682.jpeg\" alt=\"\" class=\"wp-image-8169\" srcset=\"http:\/\/blogdoarmindomaia.com.br\/wp-content\/uploads\/2025\/01\/Prefeitura-inaugura-Praca-dos-Santos-Reis-no-bairro-Pao-de-Acucar-8-1024x682.jpeg 1024w, http:\/\/blogdoarmindomaia.com.br\/wp-content\/uploads\/2025\/01\/Prefeitura-inaugura-Praca-dos-Santos-Reis-no-bairro-Pao-de-Acucar-8-300x200.jpeg 300w, http:\/\/blogdoarmindomaia.com.br\/wp-content\/uploads\/2025\/01\/Prefeitura-inaugura-Praca-dos-Santos-Reis-no-bairro-Pao-de-Acucar-8-768x512.jpeg 768w, http:\/\/blogdoarmindomaia.com.br\/wp-content\/uploads\/2025\/01\/Prefeitura-inaugura-Praca-dos-Santos-Reis-no-bairro-Pao-de-Acucar-8-1536x1023.jpeg 1536w, http:\/\/blogdoarmindomaia.com.br\/wp-content\/uploads\/2025\/01\/Prefeitura-inaugura-Praca-dos-Santos-Reis-no-bairro-Pao-de-Acucar-8.jpeg 1600w\" sizes=\"auto, (max-width: 1024px) 100vw, 1024px\" \/><\/figure>\n\n\n\n<p>Um espa\u00e7o de conviv\u00eancia, lazer e cultura para toda a comunidade. A Prefeitura Municipal de Arax\u00e1, por meio da Secretaria Municipal de Obras e do Instituto de Planejamento e Desenvolvimento Sustent\u00e1vel de Arax\u00e1 (IPDSA), inaugurou neste domingo (19), a Pra\u00e7a dos Santos Reis, localizada no bairro P\u00e3o de A\u00e7\u00facar. O novo espa\u00e7o foi constru\u00eddo por meio de um Termo de Ajustamento de Conduta (TAC) entre o munic\u00edpio e a Incorporadora Irm\u00e3os Leite, com o objetivo de beneficiar os moradores da regi\u00e3o. O evento contou com as presen\u00e7as do prefeito Robson Magela, do vice-prefeito Bosco Junior, do Padre da Par\u00f3quia de Santos Reis, Jos\u00e9 Rinaldo, do secret\u00e1rio municipal de Obras P\u00fablicas e Mobilidade Urbana, Pedrinho da Mata, al\u00e9m de demais secret\u00e1rios municipais, vereadores e comunidade. A pra\u00e7a recebeu diversas melhorias, entre as principais interven\u00e7\u00f5es, destacam-se os arcos de madeira tratada, instalados no eixo central simbolizando a passagem dos foli\u00f5es durante as festividades. Al\u00e9m disso, foi implantado um piso intertravado para garantir maior seguran\u00e7a aos usu\u00e1rios, ilumina\u00e7\u00e3o moderna, canteiros com jardins, cal\u00e7adas no entorno e bancos para descanso e conviv\u00eancia.<br><br><br><\/p>\n","protected":false},"excerpt":{"rendered":"<p>Um espa\u00e7o de conviv\u00eancia, lazer e cultura para toda a comunidade. A Prefeitura Municipal de Arax\u00e1, por meio da Secretaria<\/p>\n","protected":false},"author":2,"featured_media":8169,"comment_status":"open","ping_status":"open","sticky":false,"template":"","format":"standard","meta":{"footnotes":""},"categories":[9,11],"tags":[],"class_list":["post-8168","post","type-post","status-publish","format-standard","has-post-thumbnail","hentry","category-araxa","category-destaques"],"_links":{"self":[{"href":"http:\/\/blogdoarmindomaia.com.br\/index.php?rest_route=\/wp\/v2\/posts\/8168","targetHints":{"allow":["GET"]}}],"collection":[{"href":"http:\/\/blogdoarmindomaia.com.br\/index.php?rest_route=\/wp\/v2\/posts"}],"about":[{"href":"http:\/\/blogdoarmindomaia.com.br\/index.php?rest_route=\/wp\/v2\/types\/post"}],"author":[{"embeddable":true,"href":"http:\/\/blogdoarmindomaia.com.br\/index.php?rest_route=\/wp\/v2\/users\/2"}],"replies":[{"embeddable":true,"href":"http:\/\/blogdoarmindomaia.com.br\/index.php?rest_route=%2Fwp%2Fv2%2Fcomments&post=8168"}],"version-history":[{"count":1,"href":"http:\/\/blogdoarmindomaia.com.br\/index.php?rest_route=\/wp\/v2\/posts\/8168\/revisions"}],"predecessor-version":[{"id":8170,"href":"http:\/\/blogdoarmindomaia.com.br\/index.php?rest_route=\/wp\/v2\/posts\/8168\/revisions\/8170"}],"wp:featuredmedia":[{"embeddable":true,"href":"http:\/\/blogdoarmindomaia.com.br\/index.php?rest_route=\/wp\/v2\/media\/8169"}],"wp:attachment":[{"href":"http:\/\/blogdoarmindomaia.com.br\/index.php?rest_route=%2Fwp%2Fv2%2Fmedia&parent=8168"}],"wp:term":[{"taxonomy":"category","embeddable":true,"href":"http:\/\/blogdoarmindomaia.com.br\/index.php?rest_route=%2Fwp%2Fv2%2Fcategories&post=8168"},{"taxonomy":"post_tag","embeddable":true,"href":"http:\/\/blogdoarmindomaia.com.br\/index.php?rest_route=%2Fwp%2Fv2%2Ftags&post=8168"}],"curies":[{"name":"wp","href":"https:\/\/api.w.org\/{rel}","templated":true}]}}