{"id":8174,"date":"2025-01-21T17:00:21","date_gmt":"2025-01-21T20:00:21","guid":{"rendered":"http:\/\/blogdoarmindomaia.com.br\/?p=8174"},"modified":"2025-01-21T17:00:22","modified_gmt":"2025-01-21T20:00:22","slug":"vera-cruz-iniciou-recadastramento-do-cartao-estudantil","status":"publish","type":"post","link":"http:\/\/blogdoarmindomaia.com.br\/?p=8174","title":{"rendered":"Vera Cruz iniciou recadastramento do Cart\u00e3o Estudantil"},"content":{"rendered":"\n<figure class=\"wp-block-image size-full\"><img loading=\"lazy\" decoding=\"async\" width=\"800\" height=\"389\" src=\"http:\/\/blogdoarmindomaia.com.br\/wp-content\/uploads\/2025\/01\/Vera-Cruz-iniciou-recadastramento-do-Cartao-Estudantil-pag-10.jpeg\" alt=\"\" class=\"wp-image-8175\" srcset=\"http:\/\/blogdoarmindomaia.com.br\/wp-content\/uploads\/2025\/01\/Vera-Cruz-iniciou-recadastramento-do-Cartao-Estudantil-pag-10.jpeg 800w, http:\/\/blogdoarmindomaia.com.br\/wp-content\/uploads\/2025\/01\/Vera-Cruz-iniciou-recadastramento-do-Cartao-Estudantil-pag-10-300x146.jpeg 300w, http:\/\/blogdoarmindomaia.com.br\/wp-content\/uploads\/2025\/01\/Vera-Cruz-iniciou-recadastramento-do-Cartao-Estudantil-pag-10-768x373.jpeg 768w\" sizes=\"auto, (max-width: 800px) 100vw, 800px\" \/><\/figure>\n\n\n\n<p>A Prefeitura de Arax\u00e1 informando que o recadastramento do cart\u00e3o estudantil, realizado em parceria com a empresa Vera Cruz, teve in\u00edcio na quarta-feira (22). Os estudantes do munic\u00edpio podem atualizar o benef\u00edcio em dois pontos de atendimento.<br><br>Um dos locais dispon\u00edveis \u00e9 o ponto de atendimento na Av. Ministro Olavo Drummond, 430, que funcionar\u00e1 de segunda a quinta-feira, das 7h30 \u00e0s 18h, \u00e0s sextas-feiras, das 7h30 \u00e0s 17h, e aos s\u00e1bados, nos dias 25 de janeiro e 1\u00ba de fevereiro de 2025, das 7h30 \u00e0s 11h.<br><br>A outra op\u00e7\u00e3o \u00e9 o novo ponto de recadastramento central, localizado na Av. Ant\u00f4nio Carlos, 240, no Centro, junto \u00e0 Movart, acima do Banco do Brasil, com funcionamento de segunda a quinta-feira, das 7h30 \u00e0s 18h, e \u00e0s sextas-feiras, das 7h30 \u00e0s 17h.<br><br>Para efetuar o recadastramento, os estudantes precisam apresentar a ficha de cadastro carimbada e devidamente preenchida, que deve ser retirada na secretaria da escola, al\u00e9m de um documento oficial com foto.<br><br>Mais informa\u00e7\u00f5es est\u00e3o dispon\u00edveis no site oficial da Vera Cruz, no endere\u00e7o&nbsp;<a href=\"http:\/\/www.veracruztransporte.com.br\/\" target=\"_blank\" rel=\"noreferrer noopener\">www.veracruztransporte.com.br<\/a>, pelo telefone 0800 702 1501 ou pelo WhatsApp no n\u00famero (34) 9943-6909.<br><strong><br><br><\/strong><\/p>\n","protected":false},"excerpt":{"rendered":"<p>A Prefeitura de Arax\u00e1 informando que o recadastramento do cart\u00e3o estudantil, realizado em parceria com a empresa Vera Cruz, teve<\/p>\n","protected":false},"author":2,"featured_media":8175,"comment_status":"open","ping_status":"open","sticky":false,"template":"","format":"standard","meta":{"footnotes":""},"categories":[9,11],"tags":[],"class_list":["post-8174","post","type-post","status-publish","format-standard","has-post-thumbnail","hentry","category-araxa","category-destaques"],"_links":{"self":[{"href":"http:\/\/blogdoarmindomaia.com.br\/index.php?rest_route=\/wp\/v2\/posts\/8174","targetHints":{"allow":["GET"]}}],"collection":[{"href":"http:\/\/blogdoarmindomaia.com.br\/index.php?rest_route=\/wp\/v2\/posts"}],"about":[{"href":"http:\/\/blogdoarmindomaia.com.br\/index.php?rest_route=\/wp\/v2\/types\/post"}],"author":[{"embeddable":true,"href":"http:\/\/blogdoarmindomaia.com.br\/index.php?rest_route=\/wp\/v2\/users\/2"}],"replies":[{"embeddable":true,"href":"http:\/\/blogdoarmindomaia.com.br\/index.php?rest_route=%2Fwp%2Fv2%2Fcomments&post=8174"}],"version-history":[{"count":1,"href":"http:\/\/blogdoarmindomaia.com.br\/index.php?rest_route=\/wp\/v2\/posts\/8174\/revisions"}],"predecessor-version":[{"id":8176,"href":"http:\/\/blogdoarmindomaia.com.br\/index.php?rest_route=\/wp\/v2\/posts\/8174\/revisions\/8176"}],"wp:featuredmedia":[{"embeddable":true,"href":"http:\/\/blogdoarmindomaia.com.br\/index.php?rest_route=\/wp\/v2\/media\/8175"}],"wp:attachment":[{"href":"http:\/\/blogdoarmindomaia.com.br\/index.php?rest_route=%2Fwp%2Fv2%2Fmedia&parent=8174"}],"wp:term":[{"taxonomy":"category","embeddable":true,"href":"http:\/\/blogdoarmindomaia.com.br\/index.php?rest_route=%2Fwp%2Fv2%2Fcategories&post=8174"},{"taxonomy":"post_tag","embeddable":true,"href":"http:\/\/blogdoarmindomaia.com.br\/index.php?rest_route=%2Fwp%2Fv2%2Ftags&post=8174"}],"curies":[{"name":"wp","href":"https:\/\/api.w.org\/{rel}","templated":true}]}}