{"id":8177,"date":"2025-01-22T14:42:17","date_gmt":"2025-01-22T17:42:17","guid":{"rendered":"http:\/\/blogdoarmindomaia.com.br\/?p=8177"},"modified":"2025-01-22T14:42:18","modified_gmt":"2025-01-22T17:42:18","slug":"goleada-historica-poe-aracha-sports-nas-quartas-de-final-da-taca-sp-sub-20","status":"publish","type":"post","link":"http:\/\/blogdoarmindomaia.com.br\/?p=8177","title":{"rendered":"Goleada hist\u00f3rica p\u00f5e Arach\u00e1 Sports nas quartas de final da Ta\u00e7a SP Sub 20"},"content":{"rendered":"\n<figure class=\"wp-block-image size-full\"><img loading=\"lazy\" decoding=\"async\" width=\"1024\" height=\"538\" src=\"http:\/\/blogdoarmindomaia.com.br\/wp-content\/uploads\/2025\/01\/Goleada-historica-poe-Aracha-Sports-nas-quartas-de-final-da-Taca-SP-Sub-20-pag-10.jpg\" alt=\"\" class=\"wp-image-8178\" srcset=\"http:\/\/blogdoarmindomaia.com.br\/wp-content\/uploads\/2025\/01\/Goleada-historica-poe-Aracha-Sports-nas-quartas-de-final-da-Taca-SP-Sub-20-pag-10.jpg 1024w, http:\/\/blogdoarmindomaia.com.br\/wp-content\/uploads\/2025\/01\/Goleada-historica-poe-Aracha-Sports-nas-quartas-de-final-da-Taca-SP-Sub-20-pag-10-300x158.jpg 300w, http:\/\/blogdoarmindomaia.com.br\/wp-content\/uploads\/2025\/01\/Goleada-historica-poe-Aracha-Sports-nas-quartas-de-final-da-Taca-SP-Sub-20-pag-10-768x404.jpg 768w, http:\/\/blogdoarmindomaia.com.br\/wp-content\/uploads\/2025\/01\/Goleada-historica-poe-Aracha-Sports-nas-quartas-de-final-da-Taca-SP-Sub-20-pag-10-390x205.jpg 390w\" sizes=\"auto, (max-width: 1024px) 100vw, 1024px\" \/><\/figure>\n\n\n\n<p>Come\u00e7ou no \u00faltimo final de semana a 13\u00aa Ta\u00e7a S\u00e3o Paulo Sub 20. A competi\u00e7\u00e3o \u00e9 promovida &nbsp;Federa\u00e7\u00e3o Alternativa de Desporto do Estado de S\u00e3o Paulo (FAD)&nbsp; e come\u00e7ou com 28 equipes de base representando v\u00e1rios estados brasileiros, entre elas o rec\u00e9m criado time do Arach\u00e1 Sports. Na fase de grupos o esquadr\u00e3o do \u00cdndio Guerreiro, ficou na chave B, com sede na cidade paulista de S\u00e3o Bernardo do Campo, e ao lado de; JC Vive Artesul, do Rio de Janeiro,&nbsp;Tangar\u00e1 (MT) e BJP Sport, de Bom Jesus dos Perd\u00f5es (SP). O tricolor araxaense comandado pelo t\u00e9cnico Tiago Pereira, estreou vencendo o JC Vive do RJ por 3 a 1;&nbsp; venceu o Tangar\u00e1 (MT) por 2 a 0 e perdeu de 1 a 0 para o Bom Jesus dos Perd\u00f5es (BJP-SP), se classificando para as oitavas de final da competi\u00e7\u00e3o.&nbsp; &nbsp;&nbsp;&nbsp;&nbsp;&nbsp;&nbsp;&nbsp;&nbsp;&nbsp;&nbsp;&nbsp;&nbsp;&nbsp;&nbsp;&nbsp;&nbsp;&nbsp;&nbsp;&nbsp;&nbsp;&nbsp;&nbsp;&nbsp;&nbsp;&nbsp;&nbsp;&nbsp;&nbsp;&nbsp;&nbsp;&nbsp;&nbsp;&nbsp;&nbsp;&nbsp;&nbsp;&nbsp;&nbsp;&nbsp;&nbsp;&nbsp;&nbsp;&nbsp;&nbsp;&nbsp;&nbsp;&nbsp;&nbsp;&nbsp;&nbsp;&nbsp;&nbsp;&nbsp;&nbsp;&nbsp;&nbsp;<\/p>\n\n\n\n<p>Na fase oitavas de final da 13\u00aa Ta\u00e7a S\u00e3o Paulo Sub 20, o Arach\u00e1 enfrentou na tarde da \u00faltima quarta-feira, o time da Escolinha do Clube Atl\u00e9tico Mineiro, sediado no Paran\u00e1 e goleou por 12 a 0, obtendo a vaga nas quartas de final da competi\u00e7\u00e3o; jogo que ser\u00e1 disputado na tarde desta sexta-feira, dia 24 de fevereiro na cidade paulista de S\u00e3o Bernardo dos Campos.&nbsp;&nbsp;&nbsp; A equipe tricolor de Arax\u00e1, se prepara para disputar o Campeonato Mineiro da Segunda Divis\u00e3o, promovido pela Federa\u00e7\u00e3o Mineira de Futebol, com previs\u00e3o de come\u00e7ar em agosto deste ano.&nbsp; &nbsp;&nbsp;&nbsp;&nbsp;<\/p>\n","protected":false},"excerpt":{"rendered":"<p>Come\u00e7ou no \u00faltimo final de semana a 13\u00aa Ta\u00e7a S\u00e3o Paulo Sub 20. A competi\u00e7\u00e3o \u00e9 promovida &nbsp;Federa\u00e7\u00e3o Alternativa de<\/p>\n","protected":false},"author":2,"featured_media":8178,"comment_status":"open","ping_status":"open","sticky":false,"template":"","format":"standard","meta":{"footnotes":""},"categories":[9,11],"tags":[],"class_list":["post-8177","post","type-post","status-publish","format-standard","has-post-thumbnail","hentry","category-araxa","category-destaques"],"_links":{"self":[{"href":"http:\/\/blogdoarmindomaia.com.br\/index.php?rest_route=\/wp\/v2\/posts\/8177","targetHints":{"allow":["GET"]}}],"collection":[{"href":"http:\/\/blogdoarmindomaia.com.br\/index.php?rest_route=\/wp\/v2\/posts"}],"about":[{"href":"http:\/\/blogdoarmindomaia.com.br\/index.php?rest_route=\/wp\/v2\/types\/post"}],"author":[{"embeddable":true,"href":"http:\/\/blogdoarmindomaia.com.br\/index.php?rest_route=\/wp\/v2\/users\/2"}],"replies":[{"embeddable":true,"href":"http:\/\/blogdoarmindomaia.com.br\/index.php?rest_route=%2Fwp%2Fv2%2Fcomments&post=8177"}],"version-history":[{"count":1,"href":"http:\/\/blogdoarmindomaia.com.br\/index.php?rest_route=\/wp\/v2\/posts\/8177\/revisions"}],"predecessor-version":[{"id":8179,"href":"http:\/\/blogdoarmindomaia.com.br\/index.php?rest_route=\/wp\/v2\/posts\/8177\/revisions\/8179"}],"wp:featuredmedia":[{"embeddable":true,"href":"http:\/\/blogdoarmindomaia.com.br\/index.php?rest_route=\/wp\/v2\/media\/8178"}],"wp:attachment":[{"href":"http:\/\/blogdoarmindomaia.com.br\/index.php?rest_route=%2Fwp%2Fv2%2Fmedia&parent=8177"}],"wp:term":[{"taxonomy":"category","embeddable":true,"href":"http:\/\/blogdoarmindomaia.com.br\/index.php?rest_route=%2Fwp%2Fv2%2Fcategories&post=8177"},{"taxonomy":"post_tag","embeddable":true,"href":"http:\/\/blogdoarmindomaia.com.br\/index.php?rest_route=%2Fwp%2Fv2%2Ftags&post=8177"}],"curies":[{"name":"wp","href":"https:\/\/api.w.org\/{rel}","templated":true}]}}