{"id":8180,"date":"2025-01-22T15:23:49","date_gmt":"2025-01-22T18:23:49","guid":{"rendered":"http:\/\/blogdoarmindomaia.com.br\/?p=8180"},"modified":"2025-01-22T15:23:50","modified_gmt":"2025-01-22T18:23:50","slug":"araxa-tera-reducao-de-dois-voos-semanais-para-belo-horizonte","status":"publish","type":"post","link":"http:\/\/blogdoarmindomaia.com.br\/?p=8180","title":{"rendered":"Arax\u00e1 ter\u00e1 redu\u00e7\u00e3o de dois voos semanais para Belo Horizonte"},"content":{"rendered":"\n<figure class=\"wp-block-image size-large\"><img loading=\"lazy\" decoding=\"async\" width=\"1024\" height=\"536\" src=\"http:\/\/blogdoarmindomaia.com.br\/wp-content\/uploads\/2025\/01\/Araxa-tera-reducao-de-dois-voos-semanais-para-Belo-Horizonte-pag-10-1024x536.jpg\" alt=\"\" class=\"wp-image-8181\" srcset=\"http:\/\/blogdoarmindomaia.com.br\/wp-content\/uploads\/2025\/01\/Araxa-tera-reducao-de-dois-voos-semanais-para-Belo-Horizonte-pag-10-1024x536.jpg 1024w, http:\/\/blogdoarmindomaia.com.br\/wp-content\/uploads\/2025\/01\/Araxa-tera-reducao-de-dois-voos-semanais-para-Belo-Horizonte-pag-10-300x157.jpg 300w, http:\/\/blogdoarmindomaia.com.br\/wp-content\/uploads\/2025\/01\/Araxa-tera-reducao-de-dois-voos-semanais-para-Belo-Horizonte-pag-10-768x402.jpg 768w, http:\/\/blogdoarmindomaia.com.br\/wp-content\/uploads\/2025\/01\/Araxa-tera-reducao-de-dois-voos-semanais-para-Belo-Horizonte-pag-10-390x205.jpg 390w, http:\/\/blogdoarmindomaia.com.br\/wp-content\/uploads\/2025\/01\/Araxa-tera-reducao-de-dois-voos-semanais-para-Belo-Horizonte-pag-10.jpg 1200w\" sizes=\"auto, (max-width: 1024px) 100vw, 1024px\" \/><figcaption class=\"wp-element-caption\">xr:d:DAFYx8qzScY:116,j:521230000,t:23030921<\/figcaption><\/figure>\n\n\n\n<p>Menos de um m\u00eas depois da suspens\u00e3o dos voos entre Arax\u00e1 e S\u00e3o Paulo, agora a Azul Linhas A\u00e9reas, divulgou em nota que, \u201c a &nbsp;partir do dia 10 de mar\u00e7o, os voos entre Arax\u00e1 (MG) e Belo Horizonte (Confins), operados pela empresa deixar\u00e3o de ser di\u00e1rios e passar\u00e3o a ocorrer cinco vezes por semana\u201d.<\/p>\n\n\n\n<p>A redu\u00e7\u00e3o do servi\u00e7o foi confirmada pela companhia em nota oficial \u00e0 imprensa, esta semana. Assim, a partir da data estabelecida, o servi\u00e7o ser\u00e1 operado \u00e0s segundas, ter\u00e7as, quartas, sextas e s\u00e1bados. Ainda de acordo com a Azul, a medida integra um ajuste de capacidade \u00e0 demanda.<\/p>\n\n\n\n<p>A empresa a\u00e9rea destacou tamb\u00e9m que os clientes impactados pela altera\u00e7\u00e3o receber\u00e3o assist\u00eancia conforme as normas da Resolu\u00e7\u00e3o 400 da Ag\u00eancia Nacional de Avia\u00e7\u00e3o Civil (Anac), que regula os direitos dos passageiros.<\/p>\n\n\n\n<p>Esta \u00e9 a segunda redu\u00e7\u00e3o significativa no servi\u00e7o a\u00e9reo da companhia em Arax\u00e1 nos \u00faltimos meses. Em 6 de janeiro, os voos diretos para S\u00e3o Paulo foram encerrados. A opera\u00e7\u00e3o na cidade durou 105 dias.<\/p>\n","protected":false},"excerpt":{"rendered":"<p>Menos de um m\u00eas depois da suspens\u00e3o dos voos entre Arax\u00e1 e S\u00e3o Paulo, agora a Azul Linhas A\u00e9reas, divulgou<\/p>\n","protected":false},"author":2,"featured_media":8181,"comment_status":"open","ping_status":"open","sticky":false,"template":"","format":"standard","meta":{"footnotes":""},"categories":[9,11],"tags":[],"class_list":["post-8180","post","type-post","status-publish","format-standard","has-post-thumbnail","hentry","category-araxa","category-destaques"],"_links":{"self":[{"href":"http:\/\/blogdoarmindomaia.com.br\/index.php?rest_route=\/wp\/v2\/posts\/8180","targetHints":{"allow":["GET"]}}],"collection":[{"href":"http:\/\/blogdoarmindomaia.com.br\/index.php?rest_route=\/wp\/v2\/posts"}],"about":[{"href":"http:\/\/blogdoarmindomaia.com.br\/index.php?rest_route=\/wp\/v2\/types\/post"}],"author":[{"embeddable":true,"href":"http:\/\/blogdoarmindomaia.com.br\/index.php?rest_route=\/wp\/v2\/users\/2"}],"replies":[{"embeddable":true,"href":"http:\/\/blogdoarmindomaia.com.br\/index.php?rest_route=%2Fwp%2Fv2%2Fcomments&post=8180"}],"version-history":[{"count":1,"href":"http:\/\/blogdoarmindomaia.com.br\/index.php?rest_route=\/wp\/v2\/posts\/8180\/revisions"}],"predecessor-version":[{"id":8182,"href":"http:\/\/blogdoarmindomaia.com.br\/index.php?rest_route=\/wp\/v2\/posts\/8180\/revisions\/8182"}],"wp:featuredmedia":[{"embeddable":true,"href":"http:\/\/blogdoarmindomaia.com.br\/index.php?rest_route=\/wp\/v2\/media\/8181"}],"wp:attachment":[{"href":"http:\/\/blogdoarmindomaia.com.br\/index.php?rest_route=%2Fwp%2Fv2%2Fmedia&parent=8180"}],"wp:term":[{"taxonomy":"category","embeddable":true,"href":"http:\/\/blogdoarmindomaia.com.br\/index.php?rest_route=%2Fwp%2Fv2%2Fcategories&post=8180"},{"taxonomy":"post_tag","embeddable":true,"href":"http:\/\/blogdoarmindomaia.com.br\/index.php?rest_route=%2Fwp%2Fv2%2Ftags&post=8180"}],"curies":[{"name":"wp","href":"https:\/\/api.w.org\/{rel}","templated":true}]}}