{"id":8183,"date":"2025-01-23T10:59:21","date_gmt":"2025-01-23T13:59:21","guid":{"rendered":"http:\/\/blogdoarmindomaia.com.br\/?p=8183"},"modified":"2025-01-23T10:59:22","modified_gmt":"2025-01-23T13:59:22","slug":"queima-do-alho-tambem-sera-no-expominas-e-tem-ingressos-limitados","status":"publish","type":"post","link":"http:\/\/blogdoarmindomaia.com.br\/?p=8183","title":{"rendered":"Queima do Alho tamb\u00e9m ser\u00e1 no Expominas e tem ingressos limitados"},"content":{"rendered":"\n<figure class=\"wp-block-image size-large\"><img loading=\"lazy\" decoding=\"async\" width=\"1024\" height=\"682\" src=\"http:\/\/blogdoarmindomaia.com.br\/wp-content\/uploads\/2025\/01\/unnamed-8-1024x682.jpg\" alt=\"\" class=\"wp-image-8184\" srcset=\"http:\/\/blogdoarmindomaia.com.br\/wp-content\/uploads\/2025\/01\/unnamed-8-1024x682.jpg 1024w, http:\/\/blogdoarmindomaia.com.br\/wp-content\/uploads\/2025\/01\/unnamed-8-300x200.jpg 300w, http:\/\/blogdoarmindomaia.com.br\/wp-content\/uploads\/2025\/01\/unnamed-8-768x512.jpg 768w, http:\/\/blogdoarmindomaia.com.br\/wp-content\/uploads\/2025\/01\/unnamed-8-1536x1024.jpg 1536w, http:\/\/blogdoarmindomaia.com.br\/wp-content\/uploads\/2025\/01\/unnamed-8.jpg 2000w\" sizes=\"auto, (max-width: 1024px) 100vw, 1024px\" \/><\/figure>\n\n\n\n<p><em>Evento que une tradi\u00e7\u00e3o, solidariedade e sabor abre calend\u00e1rio do Arax\u00e1 Rodeio Show<\/em><\/p>\n\n\n\n<p>A s\u00e9tima edi\u00e7\u00e3o da tradicional Queima do Alho j\u00e1 tem data marcada: ser\u00e1 no dia 12 de abril (s\u00e1bado) a partir das 11h. A principal novidade deste ano \u00e9 que, assim como o Arax\u00e1 Rodeio Show, o evento ser\u00e1 no Expominas. \u201cVamos montar novamente uma grande estrutura por l\u00e1 e ser\u00e1 uma oportunidade de o pessoal j\u00e1 conhecer&nbsp;<em>in loco<\/em>&nbsp;como vai ficar o Arax\u00e1 Rodeio Show nesta nova fase. A Queima do Alho integra nosso calend\u00e1rio oficial e al\u00e9m de uma celebra\u00e7\u00e3o da cultura tropeira, mostra o quanto a popula\u00e7\u00e3o da cidade \u00e9 solid\u00e1ria. Novamente vamos ajudar entidades locais\u201d, ressalta Luciano Rios, organizador do evento.<\/p>\n\n\n\n<p>Comitivas de tropeiros de v\u00e1rias regi\u00f5es v\u00e3o participar neste ano. Os grupos montam suas cozinhas r\u00fasticas, trazendo o melhor da culin\u00e1ria t\u00edpica das tropas de pe\u00f5es. Feij\u00e3o tropeiro, arroz carreteiro, pa\u00e7oca de carne e outras iguarias regionais s\u00e3o preparados na hora, garantindo uma experi\u00eancia gastron\u00f4mica \u00fanica.<\/p>\n\n\n\n<p>Al\u00e9m da comida, a festa ser\u00e1 embalada por apresenta\u00e7\u00f5es de artistas locais, que v\u00e3o garantir m\u00fasica e anima\u00e7\u00e3o durante toda a tarde. A programa\u00e7\u00e3o completa, incluindo as atra\u00e7\u00f5es musicais e o card\u00e1pio, ser\u00e1 divulgada em breve.<\/p>\n\n\n\n<p><strong>Ingressos e Informa\u00e7\u00f5es<\/strong><\/p>\n\n\n\n<p>Os ingressos j\u00e1 est\u00e3o dispon\u00edveis pelo valor de R$ 80,00 (lote \u00fanico). A compra pode ser realizada nos mesmos postos de venda do Arax\u00e1 Rodeio Show ou pelo site oficial. \u201cA gente sempre recomenda a aquisi\u00e7\u00e3o antecipada. \u00c9 uma tradi\u00e7\u00e3o que os ingressos se esgotem bem antes da data do evento\u201d, alerta Luciano.<\/p>\n\n\n\n<p><strong>Servi\u00e7o<\/strong><\/p>\n\n\n\n<p><strong><em>Queima do Alho 2025 \u2013 ARS<\/em><\/strong><\/p>\n\n\n\n<p><strong>Data:<\/strong>&nbsp;12 de abril<\/p>\n\n\n\n<p><strong>Onde:<\/strong>&nbsp;Expominas Arax\u00e1<\/p>\n\n\n\n<p><strong>Hor\u00e1rio:<\/strong>&nbsp;a partir de 11h<\/p>\n\n\n\n<p>Ingressos limitados<\/p>\n\n\n\n<p><strong>Valor:<\/strong>&nbsp;R$ 80<\/p>\n\n\n\n<p><strong>Onde comprar:<\/strong><\/p>\n\n\n\n<p><strong>Postos de venda<\/strong><\/p>\n\n\n\n<p><em>Vendas online:<\/em><\/p>\n\n\n\n<figure class=\"wp-block-embed\"><div class=\"wp-block-embed__wrapper\">\nhttps:\/\/q2ingressos.com.br\/eventgroup\/araxa-rodeio-show-2025\n<\/div><\/figure>\n\n\n\n<p><em>Postos f\u00edsicos:<\/em><\/p>\n\n\n\n<p><em>&#8211;&nbsp;<\/em>Loja oficial do ARS -Arax\u00e1 Center Shopping \u2013 R. Domingos Di Mambro, 850 &#8211; Leda Barcelos (primeiro piso)<\/p>\n\n\n\n<p>&#8211; Links Cal\u00e7ados &#8211; R. Presidente Oleg\u00e1rio Maciel, 120 &#8211; Centro<\/p>\n\n\n\n<p>&#8211;&nbsp;1001 Op\u00e7\u00f5es &#8211; Av. Washington Barcelos, 867- Urciano Lemos<\/p>\n\n\n\n<p>&#8211; Cremore Gelateria &amp; A\u00e7a\u00ed &#8211; Av. Imbiara, 1605 &#8211; CAS &#8211; Centro de Atendimento ao Servidor &#8211; condi\u00e7\u00e3o exclusiva para servidores<\/p>\n","protected":false},"excerpt":{"rendered":"<p>Evento que une tradi\u00e7\u00e3o, solidariedade e sabor abre calend\u00e1rio do Arax\u00e1 Rodeio Show A s\u00e9tima edi\u00e7\u00e3o da tradicional Queima do<\/p>\n","protected":false},"author":2,"featured_media":8184,"comment_status":"open","ping_status":"open","sticky":false,"template":"","format":"standard","meta":{"footnotes":""},"categories":[9,11],"tags":[],"class_list":["post-8183","post","type-post","status-publish","format-standard","has-post-thumbnail","hentry","category-araxa","category-destaques"],"_links":{"self":[{"href":"http:\/\/blogdoarmindomaia.com.br\/index.php?rest_route=\/wp\/v2\/posts\/8183","targetHints":{"allow":["GET"]}}],"collection":[{"href":"http:\/\/blogdoarmindomaia.com.br\/index.php?rest_route=\/wp\/v2\/posts"}],"about":[{"href":"http:\/\/blogdoarmindomaia.com.br\/index.php?rest_route=\/wp\/v2\/types\/post"}],"author":[{"embeddable":true,"href":"http:\/\/blogdoarmindomaia.com.br\/index.php?rest_route=\/wp\/v2\/users\/2"}],"replies":[{"embeddable":true,"href":"http:\/\/blogdoarmindomaia.com.br\/index.php?rest_route=%2Fwp%2Fv2%2Fcomments&post=8183"}],"version-history":[{"count":1,"href":"http:\/\/blogdoarmindomaia.com.br\/index.php?rest_route=\/wp\/v2\/posts\/8183\/revisions"}],"predecessor-version":[{"id":8185,"href":"http:\/\/blogdoarmindomaia.com.br\/index.php?rest_route=\/wp\/v2\/posts\/8183\/revisions\/8185"}],"wp:featuredmedia":[{"embeddable":true,"href":"http:\/\/blogdoarmindomaia.com.br\/index.php?rest_route=\/wp\/v2\/media\/8184"}],"wp:attachment":[{"href":"http:\/\/blogdoarmindomaia.com.br\/index.php?rest_route=%2Fwp%2Fv2%2Fmedia&parent=8183"}],"wp:term":[{"taxonomy":"category","embeddable":true,"href":"http:\/\/blogdoarmindomaia.com.br\/index.php?rest_route=%2Fwp%2Fv2%2Fcategories&post=8183"},{"taxonomy":"post_tag","embeddable":true,"href":"http:\/\/blogdoarmindomaia.com.br\/index.php?rest_route=%2Fwp%2Fv2%2Ftags&post=8183"}],"curies":[{"name":"wp","href":"https:\/\/api.w.org\/{rel}","templated":true}]}}