{"id":8186,"date":"2025-01-23T11:02:20","date_gmt":"2025-01-23T14:02:20","guid":{"rendered":"http:\/\/blogdoarmindomaia.com.br\/?p=8186"},"modified":"2025-01-23T11:02:20","modified_gmt":"2025-01-23T14:02:20","slug":"araxa-realiza-levantamento-habitacional-a-partir-de-segunda-feira-27","status":"publish","type":"post","link":"http:\/\/blogdoarmindomaia.com.br\/?p=8186","title":{"rendered":"\u00a0Arax\u00e1 realiza levantamento habitacional a partir de segunda-feira (27)"},"content":{"rendered":"\n<figure class=\"wp-block-image size-large\"><img loading=\"lazy\" decoding=\"async\" width=\"1024\" height=\"594\" src=\"http:\/\/blogdoarmindomaia.com.br\/wp-content\/uploads\/2025\/01\/Araxa-realiza-levantamento-habitacional-a-partir-de-segunda-feira-27-pag-06-1024x594.jpeg\" alt=\"\" class=\"wp-image-8187\" srcset=\"http:\/\/blogdoarmindomaia.com.br\/wp-content\/uploads\/2025\/01\/Araxa-realiza-levantamento-habitacional-a-partir-de-segunda-feira-27-pag-06-1024x594.jpeg 1024w, http:\/\/blogdoarmindomaia.com.br\/wp-content\/uploads\/2025\/01\/Araxa-realiza-levantamento-habitacional-a-partir-de-segunda-feira-27-pag-06-300x174.jpeg 300w, http:\/\/blogdoarmindomaia.com.br\/wp-content\/uploads\/2025\/01\/Araxa-realiza-levantamento-habitacional-a-partir-de-segunda-feira-27-pag-06-768x445.jpeg 768w, http:\/\/blogdoarmindomaia.com.br\/wp-content\/uploads\/2025\/01\/Araxa-realiza-levantamento-habitacional-a-partir-de-segunda-feira-27-pag-06-1536x891.jpeg 1536w, http:\/\/blogdoarmindomaia.com.br\/wp-content\/uploads\/2025\/01\/Araxa-realiza-levantamento-habitacional-a-partir-de-segunda-feira-27-pag-06.jpeg 1600w\" sizes=\"auto, (max-width: 1024px) 100vw, 1024px\" \/><\/figure>\n\n\n\n<p>A Secretaria Municipal de A\u00e7\u00e3o Social, inicia na pr\u00f3xima segunda-feira (27) um levantamento habitacional no munic\u00edpio. O objetivo da a\u00e7\u00e3o \u00e9 identificar o d\u00e9ficit habitacional, mapear as demandas existentes e avaliar quais fam\u00edlias se enquadram nas diferentes faixas dos programas habitacionais, com base na renda familiar. O atendimento ser\u00e1 realizado de forma agendada. Para participar, os moradores devem se dirigir a um equipamento social mais pr\u00f3ximo de sua resid\u00eancia, onde ser\u00e1 feito o agendamento no sistema para um dia e hor\u00e1rio espec\u00edficos. Na data marcada, o cidad\u00e3o dever\u00e1 comparecer \u00e0 sede da Secretaria de A\u00e7\u00e3o Social, localizada na Avenida Get\u00falio Vargas, 205, no Centro, portanto os documentos pessoais e comprovante de endere\u00e7o. O hor\u00e1rio de funcionamento ser\u00e1 de segunda a sexta-feira, das 12h \u00e0s 18h. Durante o processo, os participantes preencher\u00e3o um formul\u00e1rio com informa\u00e7\u00f5es detalhadas sobre as condi\u00e7\u00f5es de moradia, que servir\u00e1 como base para o planejamento de pol\u00edticas habitacionais. A a\u00e7\u00e3o ser\u00e1 conduzida ao longo de 30 dias \u00fateis.<br><br><br><\/p>\n","protected":false},"excerpt":{"rendered":"<p>A Secretaria Municipal de A\u00e7\u00e3o Social, inicia na pr\u00f3xima segunda-feira (27) um levantamento habitacional no munic\u00edpio. O objetivo da a\u00e7\u00e3o<\/p>\n","protected":false},"author":2,"featured_media":8187,"comment_status":"open","ping_status":"open","sticky":false,"template":"","format":"standard","meta":{"footnotes":""},"categories":[9,11],"tags":[],"class_list":["post-8186","post","type-post","status-publish","format-standard","has-post-thumbnail","hentry","category-araxa","category-destaques"],"_links":{"self":[{"href":"http:\/\/blogdoarmindomaia.com.br\/index.php?rest_route=\/wp\/v2\/posts\/8186","targetHints":{"allow":["GET"]}}],"collection":[{"href":"http:\/\/blogdoarmindomaia.com.br\/index.php?rest_route=\/wp\/v2\/posts"}],"about":[{"href":"http:\/\/blogdoarmindomaia.com.br\/index.php?rest_route=\/wp\/v2\/types\/post"}],"author":[{"embeddable":true,"href":"http:\/\/blogdoarmindomaia.com.br\/index.php?rest_route=\/wp\/v2\/users\/2"}],"replies":[{"embeddable":true,"href":"http:\/\/blogdoarmindomaia.com.br\/index.php?rest_route=%2Fwp%2Fv2%2Fcomments&post=8186"}],"version-history":[{"count":1,"href":"http:\/\/blogdoarmindomaia.com.br\/index.php?rest_route=\/wp\/v2\/posts\/8186\/revisions"}],"predecessor-version":[{"id":8188,"href":"http:\/\/blogdoarmindomaia.com.br\/index.php?rest_route=\/wp\/v2\/posts\/8186\/revisions\/8188"}],"wp:featuredmedia":[{"embeddable":true,"href":"http:\/\/blogdoarmindomaia.com.br\/index.php?rest_route=\/wp\/v2\/media\/8187"}],"wp:attachment":[{"href":"http:\/\/blogdoarmindomaia.com.br\/index.php?rest_route=%2Fwp%2Fv2%2Fmedia&parent=8186"}],"wp:term":[{"taxonomy":"category","embeddable":true,"href":"http:\/\/blogdoarmindomaia.com.br\/index.php?rest_route=%2Fwp%2Fv2%2Fcategories&post=8186"},{"taxonomy":"post_tag","embeddable":true,"href":"http:\/\/blogdoarmindomaia.com.br\/index.php?rest_route=%2Fwp%2Fv2%2Ftags&post=8186"}],"curies":[{"name":"wp","href":"https:\/\/api.w.org\/{rel}","templated":true}]}}