{"id":8194,"date":"2025-01-30T15:46:59","date_gmt":"2025-01-30T18:46:59","guid":{"rendered":"http:\/\/blogdoarmindomaia.com.br\/?p=8194"},"modified":"2025-01-30T15:47:00","modified_gmt":"2025-01-30T18:47:00","slug":"a-sifilis-preocupa-a-rede-de-saude-publica-em-araxa","status":"publish","type":"post","link":"http:\/\/blogdoarmindomaia.com.br\/?p=8194","title":{"rendered":"A s\u00edfilis preocupa a rede de sa\u00fade p\u00fablica em Arax\u00e1"},"content":{"rendered":"\n<p><\/p>\n\n\n\n<figure class=\"wp-block-image size-large\"><img loading=\"lazy\" decoding=\"async\" width=\"1024\" height=\"576\" src=\"http:\/\/blogdoarmindomaia.com.br\/wp-content\/uploads\/2025\/01\/A-sifilis-preocupa-a-rede-de-saude-publica-em-Araxa-pag-03-1024x576.jpeg\" alt=\"\" class=\"wp-image-8195\" srcset=\"http:\/\/blogdoarmindomaia.com.br\/wp-content\/uploads\/2025\/01\/A-sifilis-preocupa-a-rede-de-saude-publica-em-Araxa-pag-03-1024x576.jpeg 1024w, http:\/\/blogdoarmindomaia.com.br\/wp-content\/uploads\/2025\/01\/A-sifilis-preocupa-a-rede-de-saude-publica-em-Araxa-pag-03-300x169.jpeg 300w, http:\/\/blogdoarmindomaia.com.br\/wp-content\/uploads\/2025\/01\/A-sifilis-preocupa-a-rede-de-saude-publica-em-Araxa-pag-03-768x432.jpeg 768w, http:\/\/blogdoarmindomaia.com.br\/wp-content\/uploads\/2025\/01\/A-sifilis-preocupa-a-rede-de-saude-publica-em-Araxa-pag-03.jpeg 1280w\" sizes=\"auto, (max-width: 1024px) 100vw, 1024px\" \/><\/figure>\n\n\n\n<p>A Secretaria Municipal de Sa\u00fade de Arax\u00e1, por meio do Centro de Testagem e Aconselhamento (CTA), divulgou os dados de 2024 sobre Infec\u00e7\u00f5es Sexualmente Transmiss\u00edveis (ISTs), que mostram uma redu\u00e7\u00e3o nos casos em compara\u00e7\u00e3o ao ano anterior. Apesar da queda, a s\u00edfilis permanece como a IST com maior n\u00famero de notifica\u00e7\u00f5es no munic\u00edpio.<br><br>Segundo os registros do CTA, o n\u00famero de casos positivos de HIV caiu de 34 em 2023 para 31 em 2024. As notifica\u00e7\u00f5es de Hepatite C tamb\u00e9m apresentaram diminui\u00e7\u00e3o, passando de 13 para 7 no mesmo per\u00edodo, assim como a Hepatite B, que apresentou uma redu\u00e7\u00e3o de 6 para 4 casos. Mas a s\u00edfilis, embora tenha mostrado redu\u00e7\u00e3o de 421 notifica\u00e7\u00f5es em 2023 para 363 em 2024, ainda \u00e9 a IST mais prevalente na cidade.<br><br>A s\u00edfilis \u00e9 uma infec\u00e7\u00e3o sexualmente transmiss\u00edvel causada pela bact\u00e9ria Treponema pallidum. Ela pode apresentar diferentes est\u00e1gios: prim\u00e1ria (com feridas indolores na regi\u00e3o genital ou boca), secund\u00e1ria (manchas pelo corpo, febre e \u00ednguas) e terci\u00e1ria (les\u00f5es graves em \u00f3rg\u00e3os como cora\u00e7\u00e3o, c\u00e9rebro e ossos, podendo levar \u00e0 morte). Se n\u00e3o tratada, pode causar complica\u00e7\u00f5es s\u00e9rias, como problemas neurol\u00f3gicos e cardiovasculares. Outra forma de transmiss\u00e3o \u00e9 da m\u00e3e para o beb\u00ea, causando a chamada s\u00edfilis cong\u00eanita, que pode levar a malforma\u00e7\u00f5es ou at\u00e9 ao \u00f3bito do feto.<br><br>A coordenadora do CTA, Roberta Duarte da Silva, destaca a import\u00e2ncia da preven\u00e7\u00e3o e da conscientiza\u00e7\u00e3o. &#8220;Embora tenha ocorrido uma redu\u00e7\u00e3o nos casos de ISTs, \u00e9 essencial a popula\u00e7\u00e3o continue se cuidando. A s\u00edfilis, por exemplo, \u00e9 uma doen\u00e7a que pode ser evitada e tratada, mas exige aten\u00e7\u00e3o e cuidados cont\u00ednuos. Realizar o teste \u00e9 fundamental para que o tratamento comece o quanto antes&#8221;, afirma.<br><br>O CTA disponibiliza, gratuitamente, testes r\u00e1pidos e sigilosos para HIV, s\u00edfilis e hepatites B e C. As testagens acontecem \u00e0s segundas, quartas e quintas-feiras, das 7h \u00e0s 8h da manh\u00e3 e n\u00e3o \u00e9 necess\u00e1rio agendamento. O servi\u00e7o est\u00e1 localizado na Rua Calim\u00e9rio Guimar\u00e3es, n\u00ba 850, Centro (anexo ao Laborat\u00f3rio Municipal). Al\u00e9m disso, as unidades de sa\u00fade de Arax\u00e1 realizam a testagem de gestantes e seus parceiros como parte das a\u00e7\u00f5es de preven\u00e7\u00e3o e controle das ISTs.<\/p>\n","protected":false},"excerpt":{"rendered":"<p>A Secretaria Municipal de Sa\u00fade de Arax\u00e1, por meio do Centro de Testagem e Aconselhamento (CTA), divulgou os dados de<\/p>\n","protected":false},"author":2,"featured_media":8195,"comment_status":"open","ping_status":"open","sticky":false,"template":"","format":"standard","meta":{"footnotes":""},"categories":[9,11],"tags":[],"class_list":["post-8194","post","type-post","status-publish","format-standard","has-post-thumbnail","hentry","category-araxa","category-destaques"],"_links":{"self":[{"href":"http:\/\/blogdoarmindomaia.com.br\/index.php?rest_route=\/wp\/v2\/posts\/8194","targetHints":{"allow":["GET"]}}],"collection":[{"href":"http:\/\/blogdoarmindomaia.com.br\/index.php?rest_route=\/wp\/v2\/posts"}],"about":[{"href":"http:\/\/blogdoarmindomaia.com.br\/index.php?rest_route=\/wp\/v2\/types\/post"}],"author":[{"embeddable":true,"href":"http:\/\/blogdoarmindomaia.com.br\/index.php?rest_route=\/wp\/v2\/users\/2"}],"replies":[{"embeddable":true,"href":"http:\/\/blogdoarmindomaia.com.br\/index.php?rest_route=%2Fwp%2Fv2%2Fcomments&post=8194"}],"version-history":[{"count":1,"href":"http:\/\/blogdoarmindomaia.com.br\/index.php?rest_route=\/wp\/v2\/posts\/8194\/revisions"}],"predecessor-version":[{"id":8196,"href":"http:\/\/blogdoarmindomaia.com.br\/index.php?rest_route=\/wp\/v2\/posts\/8194\/revisions\/8196"}],"wp:featuredmedia":[{"embeddable":true,"href":"http:\/\/blogdoarmindomaia.com.br\/index.php?rest_route=\/wp\/v2\/media\/8195"}],"wp:attachment":[{"href":"http:\/\/blogdoarmindomaia.com.br\/index.php?rest_route=%2Fwp%2Fv2%2Fmedia&parent=8194"}],"wp:term":[{"taxonomy":"category","embeddable":true,"href":"http:\/\/blogdoarmindomaia.com.br\/index.php?rest_route=%2Fwp%2Fv2%2Fcategories&post=8194"},{"taxonomy":"post_tag","embeddable":true,"href":"http:\/\/blogdoarmindomaia.com.br\/index.php?rest_route=%2Fwp%2Fv2%2Ftags&post=8194"}],"curies":[{"name":"wp","href":"https:\/\/api.w.org\/{rel}","templated":true}]}}