{"id":8200,"date":"2025-01-30T15:55:10","date_gmt":"2025-01-30T18:55:10","guid":{"rendered":"http:\/\/blogdoarmindomaia.com.br\/?p=8200"},"modified":"2025-01-30T15:55:11","modified_gmt":"2025-01-30T18:55:11","slug":"o-adeus-ao-araxaense-paulo-severino-de-rezende","status":"publish","type":"post","link":"http:\/\/blogdoarmindomaia.com.br\/?p=8200","title":{"rendered":"O adeus ao araxaense Paulo Severino de Rezende"},"content":{"rendered":"\n<figure class=\"wp-block-image size-full\"><img loading=\"lazy\" decoding=\"async\" width=\"456\" height=\"280\" src=\"http:\/\/blogdoarmindomaia.com.br\/wp-content\/uploads\/2025\/01\/O-adeus-ao-araxaense-Paulo-Severino-Rezende-pag-06.png\" alt=\"\" class=\"wp-image-8201\" srcset=\"http:\/\/blogdoarmindomaia.com.br\/wp-content\/uploads\/2025\/01\/O-adeus-ao-araxaense-Paulo-Severino-Rezende-pag-06.png 456w, http:\/\/blogdoarmindomaia.com.br\/wp-content\/uploads\/2025\/01\/O-adeus-ao-araxaense-Paulo-Severino-Rezende-pag-06-300x184.png 300w\" sizes=\"auto, (max-width: 456px) 100vw, 456px\" \/><\/figure>\n\n\n\n<p>Faleceu no \u00faltimo dia 23 de janeiro na capital mineira, o engenheiro agr\u00f4nomo araxaense Paulo Severino de Rezende. formado pela Escola Superior de Agricultura de Lavras, atual Ufla&nbsp; foi ex-presidente da Emater-onde &nbsp;ingressou em 1960 e atuou at\u00e9 1999. Come\u00e7ou no munic\u00edpio de Mar de Espanha, regional de Cataguases, tendo trabalhado em Juiz de Fora e Uberl\u00e2ndia, onde foi supervisor regional. Foi transferido para a Unidade Central em 1974, atuando como coordenador estadual. Paulo Severino foi presidente da Emater-MG em dois per\u00edodos. O primeiro entre 1979 e 1983 e o segundo de 1991 a 1999.<br><br>Durante sua gest\u00e3o, foi uma figura central na reestrutura\u00e7\u00e3o da institui\u00e7\u00e3o, conduzida sob a lideran\u00e7a de Alysson Paulinelli, ent\u00e3o Secret\u00e1rio de Agricultura. Sua atua\u00e7\u00e3o vision\u00e1ria foi fundamental para recuperar a credibilidade e fortalecer o compromisso da empresa com os agricultores de Minas Gerais.<br><br>Em 1998, quando a Emater-MG celebrou seus 50 anos, Paulo &#8211; que na \u00e9poca estava \u00e0 frente da presid\u00eancia &#8211; destacou em um discurso a import\u00e2ncia dos colaboradores no processo de reconstru\u00e7\u00e3o da empresa e no cumprimento de sua miss\u00e3o.<br><br>&#8220;O grande patrim\u00f4nio da Emater-MG aqui est\u00e1 representado por parte dos seus empregados [&#8230;] O potencial que temos \u00e9 muito grande, e cabe a n\u00f3s, somente a n\u00f3s, criar condi\u00e7\u00f5es para que sejamos, dentro de muito pouco tempo, os maiores produtores de alimentos deste mundo.&#8221;<br><br>Hoje, quase 30 anos ap\u00f3s este discurso, Minas Gerais se destaca como l\u00edder em diversas cadeias produtivas, no desenvolvimento de tecnologias agr\u00edcolas e protagonista em recordes de exporta\u00e7\u00e3o. Resultado alcan\u00e7ado a partir da valoriza\u00e7\u00e3o do trabalho de Assist\u00eancia T\u00e9cnia e Extens\u00e3o Rural. A Emater-MG, por sua vez, mant\u00e9m sua presen\u00e7a ampliada, atuando em 819 munic\u00edpios mineiros, e se consolida como a maior refer\u00eancia no trabalho de Ater p\u00fablica no pa\u00eds. Paulo era filho de L\u00e1zaro Severino Gomes e Sebastiana Ribeiro Gomes. &nbsp;O corpo do araxaense Paulo Severino foi sepultado em Belo Horizonte, onde residia com a fam\u00edlia. Nossas condol\u00eancias \u00e0 fam\u00edlia.<\/p>\n","protected":false},"excerpt":{"rendered":"<p>Faleceu no \u00faltimo dia 23 de janeiro na capital mineira, o engenheiro agr\u00f4nomo araxaense Paulo Severino de Rezende. formado pela<\/p>\n","protected":false},"author":2,"featured_media":8201,"comment_status":"open","ping_status":"open","sticky":false,"template":"","format":"standard","meta":{"footnotes":""},"categories":[9,11],"tags":[],"class_list":["post-8200","post","type-post","status-publish","format-standard","has-post-thumbnail","hentry","category-araxa","category-destaques"],"_links":{"self":[{"href":"http:\/\/blogdoarmindomaia.com.br\/index.php?rest_route=\/wp\/v2\/posts\/8200","targetHints":{"allow":["GET"]}}],"collection":[{"href":"http:\/\/blogdoarmindomaia.com.br\/index.php?rest_route=\/wp\/v2\/posts"}],"about":[{"href":"http:\/\/blogdoarmindomaia.com.br\/index.php?rest_route=\/wp\/v2\/types\/post"}],"author":[{"embeddable":true,"href":"http:\/\/blogdoarmindomaia.com.br\/index.php?rest_route=\/wp\/v2\/users\/2"}],"replies":[{"embeddable":true,"href":"http:\/\/blogdoarmindomaia.com.br\/index.php?rest_route=%2Fwp%2Fv2%2Fcomments&post=8200"}],"version-history":[{"count":1,"href":"http:\/\/blogdoarmindomaia.com.br\/index.php?rest_route=\/wp\/v2\/posts\/8200\/revisions"}],"predecessor-version":[{"id":8202,"href":"http:\/\/blogdoarmindomaia.com.br\/index.php?rest_route=\/wp\/v2\/posts\/8200\/revisions\/8202"}],"wp:featuredmedia":[{"embeddable":true,"href":"http:\/\/blogdoarmindomaia.com.br\/index.php?rest_route=\/wp\/v2\/media\/8201"}],"wp:attachment":[{"href":"http:\/\/blogdoarmindomaia.com.br\/index.php?rest_route=%2Fwp%2Fv2%2Fmedia&parent=8200"}],"wp:term":[{"taxonomy":"category","embeddable":true,"href":"http:\/\/blogdoarmindomaia.com.br\/index.php?rest_route=%2Fwp%2Fv2%2Fcategories&post=8200"},{"taxonomy":"post_tag","embeddable":true,"href":"http:\/\/blogdoarmindomaia.com.br\/index.php?rest_route=%2Fwp%2Fv2%2Ftags&post=8200"}],"curies":[{"name":"wp","href":"https:\/\/api.w.org\/{rel}","templated":true}]}}