{"id":8206,"date":"2025-02-04T15:37:26","date_gmt":"2025-02-04T18:37:26","guid":{"rendered":"http:\/\/blogdoarmindomaia.com.br\/?p=8206"},"modified":"2025-02-04T15:37:27","modified_gmt":"2025-02-04T18:37:27","slug":"ex-dinamo-goleiro-araxaense-estevan-assina-o-1o-contrato-profissional-com-o-galo","status":"publish","type":"post","link":"http:\/\/blogdoarmindomaia.com.br\/?p=8206","title":{"rendered":"Ex-D\u00ednamo, goleiro araxaense Estevan assina o 1\u00ba contrato profissional com o Galo"},"content":{"rendered":"\n<figure class=\"wp-block-image size-large\"><img loading=\"lazy\" decoding=\"async\" width=\"902\" height=\"1024\" src=\"http:\/\/blogdoarmindomaia.com.br\/wp-content\/uploads\/2025\/02\/Ex-Dinamo-goleiro-araxaense-Estevan-assina-o-1o-contrato-profissional-com-o-Galo-esportes-902x1024.jpeg\" alt=\"\" class=\"wp-image-8207\" srcset=\"http:\/\/blogdoarmindomaia.com.br\/wp-content\/uploads\/2025\/02\/Ex-Dinamo-goleiro-araxaense-Estevan-assina-o-1o-contrato-profissional-com-o-Galo-esportes-902x1024.jpeg 902w, http:\/\/blogdoarmindomaia.com.br\/wp-content\/uploads\/2025\/02\/Ex-Dinamo-goleiro-araxaense-Estevan-assina-o-1o-contrato-profissional-com-o-Galo-esportes-264x300.jpeg 264w, http:\/\/blogdoarmindomaia.com.br\/wp-content\/uploads\/2025\/02\/Ex-Dinamo-goleiro-araxaense-Estevan-assina-o-1o-contrato-profissional-com-o-Galo-esportes-768x872.jpeg 768w, http:\/\/blogdoarmindomaia.com.br\/wp-content\/uploads\/2025\/02\/Ex-Dinamo-goleiro-araxaense-Estevan-assina-o-1o-contrato-profissional-com-o-Galo-esportes.jpeg 1290w\" sizes=\"auto, (max-width: 902px) 100vw, 902px\" \/><\/figure>\n\n\n\n<figure class=\"wp-block-image size-large\"><img loading=\"lazy\" decoding=\"async\" width=\"750\" height=\"1024\" src=\"http:\/\/blogdoarmindomaia.com.br\/wp-content\/uploads\/2025\/02\/Estevan-3-750x1024.jpeg\" alt=\"\" class=\"wp-image-8208\" srcset=\"http:\/\/blogdoarmindomaia.com.br\/wp-content\/uploads\/2025\/02\/Estevan-3-750x1024.jpeg 750w, http:\/\/blogdoarmindomaia.com.br\/wp-content\/uploads\/2025\/02\/Estevan-3-220x300.jpeg 220w, http:\/\/blogdoarmindomaia.com.br\/wp-content\/uploads\/2025\/02\/Estevan-3-768x1048.jpeg 768w, http:\/\/blogdoarmindomaia.com.br\/wp-content\/uploads\/2025\/02\/Estevan-3.jpeg 1036w\" sizes=\"auto, (max-width: 750px) 100vw, 750px\" \/><\/figure>\n\n\n\n<p>A Associa\u00e7\u00e3o Esportiva D\u00ednamo Esporte Clube segue revelando talentos para o futebol brasileiro. O goleiro Estevan Luiz Vizcaia Galleguillos, natural de Arax\u00e1, assinou seu primeiro contrato profissional com o Atl\u00e9tico Mineiro, marcando o in\u00edcio de sua trajet\u00f3ria no futebol profissional.\u00a0 A carreira de Estevan come\u00e7ou cedo. Em 2021, com apenas 14 anos, ele foi titular no Campeonato Mineiro Sub-17, ajudando o D\u00ednamo a ficar entre as oito melhores equipes do Estado. A boa temporada chamou a aten\u00e7\u00e3o do Galo, e ele foi transferido para o clube no mesmo ano. Estevan fez parte do projeto \u201cD\u00ednamo Formando Atletas e Cidad\u00e3os\u201d, iniciativa apoiada pela Lei de Incentivo ao Esporte, voltada para a descoberta e o desenvolvimento de novos talentos. O goleiro destaca a import\u00e2ncia do D\u00ednamo em sua forma\u00e7\u00e3o. \u201cO D\u00ednamo foi essencial na minha caminhada. Foi onde tive minha primeira grande oportunidade, onde joguei um Campeonato Mineiro e fui muito bem preparado. Tive treinadores que me ajudaram muito e que fizeram parte do meu crescimento. Sou muito grato ao clube, pois foi ali que dei o primeiro passo na minha carreira\u201d, refor\u00e7a. A trajet\u00f3ria de Estevan segue os passos de outros goleiros formados pelo D\u00ednamo. Exemplos recentes s\u00e3o o Elzo Neto, que saiu do clube para o Am\u00e9rica Mineiro e atualmente joga no Londrina-PR e o Li\u00e9dson que defende o \u00a0Novo Hamburgo-RS. De acordo com o coordenador das categorias de base do D\u00ednamo, Rodrigo Siqueira, o clube tem um compromisso com a forma\u00e7\u00e3o esportiva e pessoal de todos os atletas. \u201cFicamos muito felizes com a evolu\u00e7\u00e3o do Estevan. Sempre vimos nele um atleta promissor, e \u00e9 gratificante saber que fizemos parte do in\u00edcio dessa caminhada. Desejamos a ele muito sucesso nessa nova etapa. Nosso projeto \u00e9 refer\u00eancia nacional porque oferecemos uma estrutura de excel\u00eancia e contamos com profissionais altamente qualificados e comprometidos. Aqui, trabalhamos todas as etapas do desenvolvimento do atleta \u2013 f\u00edsico, t\u00e9cnico, emocional e social \u2013 para garantir que estejam preparados para o alto rendimento. O Estevan \u00e9 um exemplo disso\u201d, diz. Estevan\u00a0 \u00e9 filho de Andrea Vizcaia e Arnaldo Galleguillos.\u00a0<\/p>\n","protected":false},"excerpt":{"rendered":"<p>A Associa\u00e7\u00e3o Esportiva D\u00ednamo Esporte Clube segue revelando talentos para o futebol brasileiro. O goleiro Estevan Luiz Vizcaia Galleguillos, natural<\/p>\n","protected":false},"author":2,"featured_media":8208,"comment_status":"open","ping_status":"open","sticky":false,"template":"","format":"standard","meta":{"footnotes":""},"categories":[9,11],"tags":[],"class_list":["post-8206","post","type-post","status-publish","format-standard","has-post-thumbnail","hentry","category-araxa","category-destaques"],"_links":{"self":[{"href":"http:\/\/blogdoarmindomaia.com.br\/index.php?rest_route=\/wp\/v2\/posts\/8206","targetHints":{"allow":["GET"]}}],"collection":[{"href":"http:\/\/blogdoarmindomaia.com.br\/index.php?rest_route=\/wp\/v2\/posts"}],"about":[{"href":"http:\/\/blogdoarmindomaia.com.br\/index.php?rest_route=\/wp\/v2\/types\/post"}],"author":[{"embeddable":true,"href":"http:\/\/blogdoarmindomaia.com.br\/index.php?rest_route=\/wp\/v2\/users\/2"}],"replies":[{"embeddable":true,"href":"http:\/\/blogdoarmindomaia.com.br\/index.php?rest_route=%2Fwp%2Fv2%2Fcomments&post=8206"}],"version-history":[{"count":1,"href":"http:\/\/blogdoarmindomaia.com.br\/index.php?rest_route=\/wp\/v2\/posts\/8206\/revisions"}],"predecessor-version":[{"id":8209,"href":"http:\/\/blogdoarmindomaia.com.br\/index.php?rest_route=\/wp\/v2\/posts\/8206\/revisions\/8209"}],"wp:featuredmedia":[{"embeddable":true,"href":"http:\/\/blogdoarmindomaia.com.br\/index.php?rest_route=\/wp\/v2\/media\/8208"}],"wp:attachment":[{"href":"http:\/\/blogdoarmindomaia.com.br\/index.php?rest_route=%2Fwp%2Fv2%2Fmedia&parent=8206"}],"wp:term":[{"taxonomy":"category","embeddable":true,"href":"http:\/\/blogdoarmindomaia.com.br\/index.php?rest_route=%2Fwp%2Fv2%2Fcategories&post=8206"},{"taxonomy":"post_tag","embeddable":true,"href":"http:\/\/blogdoarmindomaia.com.br\/index.php?rest_route=%2Fwp%2Fv2%2Ftags&post=8206"}],"curies":[{"name":"wp","href":"https:\/\/api.w.org\/{rel}","templated":true}]}}