{"id":8214,"date":"2025-02-10T15:37:17","date_gmt":"2025-02-10T18:37:17","guid":{"rendered":"http:\/\/blogdoarmindomaia.com.br\/?p=8214"},"modified":"2025-02-10T15:37:19","modified_gmt":"2025-02-10T18:37:19","slug":"oficinas-de-pandeiro-seguem-com-inscricoes-abertas-no-tri-ciclo-em-araxa","status":"publish","type":"post","link":"http:\/\/blogdoarmindomaia.com.br\/?p=8214","title":{"rendered":"Oficinas de Pandeiro seguem com inscri\u00e7\u00f5es abertas no Tri Ciclo em Arax\u00e1"},"content":{"rendered":"\n<figure class=\"wp-block-image size-large\"><img loading=\"lazy\" decoding=\"async\" width=\"669\" height=\"1024\" src=\"http:\/\/blogdoarmindomaia.com.br\/wp-content\/uploads\/2025\/02\/Programacao-Geral_Tri-Ciclo-Araxa-2025-669x1024.jpeg\" alt=\"\" class=\"wp-image-8215\" srcset=\"http:\/\/blogdoarmindomaia.com.br\/wp-content\/uploads\/2025\/02\/Programacao-Geral_Tri-Ciclo-Araxa-2025-669x1024.jpeg 669w, http:\/\/blogdoarmindomaia.com.br\/wp-content\/uploads\/2025\/02\/Programacao-Geral_Tri-Ciclo-Araxa-2025-196x300.jpeg 196w, http:\/\/blogdoarmindomaia.com.br\/wp-content\/uploads\/2025\/02\/Programacao-Geral_Tri-Ciclo-Araxa-2025-768x1175.jpeg 768w, http:\/\/blogdoarmindomaia.com.br\/wp-content\/uploads\/2025\/02\/Programacao-Geral_Tri-Ciclo-Araxa-2025-1004x1536.jpeg 1004w, http:\/\/blogdoarmindomaia.com.br\/wp-content\/uploads\/2025\/02\/Programacao-Geral_Tri-Ciclo-Araxa-2025.jpeg 1046w\" sizes=\"auto, (max-width: 669px) 100vw, 669px\" \/><\/figure>\n\n\n\n<p>O projeto TRI CICLO Espet\u00e1culos tem o prazer de anunciar que seguem abertas as inscri\u00e7\u00f5es para duas oficinas de pandeiro com a renomada percussionista Danuza Menezes. As oficinas acontecer\u00e3o no dia 20 de fevereiro, quinta-feira, \u00e0s 15 horas na Escola de M\u00fasica Nota Certa; e \u00e0s 18 horas na Escola Municipal de M\u00fasica Maestro Elias Porf\u00edrio de Azevedo, em Arax\u00e1, e s\u00e3o voltadas tanto para iniciantes quanto para aqueles que desejam aprimorar as habilidades no instrumento.<\/p>\n\n\n\n<p>Danuza Menezes \u00e9 reconhecida por sua habilidade excepcional no pandeiro e por sua contribui\u00e7\u00e3o significativa \u00e0 m\u00fasica brasileira. Com uma trajet\u00f3ria marcada por performances em diversos palcos e colabora\u00e7\u00f5es com artistas renomados como Dominguinhos, Milton Nascimento, Vander Lee, Marku Ribas e Nan\u00e1 Vasconcelos, Danuza traz uma abordagem inovadora e envolvente para o ensino da percuss\u00e3o.<\/p>\n\n\n\n<p>As oficinas t\u00eam como objetivo proporcionar uma experi\u00eancia rica e din\u00e2mica, onde os participantes poder\u00e3o aprender t\u00e9cnicas b\u00e1sicas e avan\u00e7adas, al\u00e9m de explorar ritmos brasileiros tradicionais e contempor\u00e2neos. Os alunos ter\u00e3o a oportunidade de tocar em grupo, promovendo a intera\u00e7\u00e3o e a troca de experi\u00eancias.<\/p>\n\n\n\n<p><strong>Servi\u00e7o:<\/strong><\/p>\n\n\n\n<p>&#8211; O que: Oficinas de Pandeiro com Danuza Menezes<\/p>\n\n\n\n<p>&#8211; Quando: 20 de fevereiro de 2025, quinta-feira<\/p>\n\n\n\n<p>&#8211; Onde: Escola de M\u00fasica Nota Certa (Rua Doutor Garibaldi Cunha, 50 \u2013 Centro), Escola de M\u00fasica Maestro Elias Porf\u00edrio de Azevedo (Pra\u00e7a Artur Bernardes, 18 \u2013 Centro).<\/p>\n\n\n\n<p>&#8211; Inscri\u00e7\u00f5es: Abertas at\u00e9 dia 17 de fevereiro. Vagas limitadas!<\/p>\n\n\n\n<p>Os interessados podem se inscrever pelo link [<a href=\"https:\/\/docs.google.com\/forms\/d\/1pkFTVx-RXMMBhtGolLwLyphjnlpf_f9jlZAeM9d-imk\/edit\" target=\"_blank\" rel=\"noreferrer noopener\">https:\/\/docs.google.com\/forms\/d\/1pkFTVx-RXMMBhtGolLwLyphjnlpf_f9jlZAeM9d-imk\/edit<\/a>]. N\u00e3o perca a chance de aprender com uma das grandes mestres da percuss\u00e3o!<\/p>\n\n\n\n<p>*Sobre o Projeto TRI CICLO Espet\u00e1culos:<\/p>\n\n\n\n<p>O TRI CICLO Espet\u00e1culos \u00e9 um projeto dedicado \u00e0 promo\u00e7\u00e3o da cultura com apresenta\u00e7\u00f5es de teatro, dan\u00e7a, m\u00fasica, circo e oferecendo oficinas com programa\u00e7\u00e3o gratuita atrav\u00e9s da Lei Federal de Incentivo \u00e0 Cultura, patroc\u00ednio da CBMM, e vem fomentando a aprecia\u00e7\u00e3o das artes por 15 anos. PRONAC 240953 \u2013 Minist\u00e9rio da Cultura.<\/p>\n","protected":false},"excerpt":{"rendered":"<p>O projeto TRI CICLO Espet\u00e1culos tem o prazer de anunciar que seguem abertas as inscri\u00e7\u00f5es para duas oficinas de pandeiro<\/p>\n","protected":false},"author":2,"featured_media":8215,"comment_status":"open","ping_status":"open","sticky":false,"template":"","format":"standard","meta":{"footnotes":""},"categories":[9,5],"tags":[],"class_list":["post-8214","post","type-post","status-publish","format-standard","has-post-thumbnail","hentry","category-araxa","category-arte-e-cultura"],"_links":{"self":[{"href":"http:\/\/blogdoarmindomaia.com.br\/index.php?rest_route=\/wp\/v2\/posts\/8214","targetHints":{"allow":["GET"]}}],"collection":[{"href":"http:\/\/blogdoarmindomaia.com.br\/index.php?rest_route=\/wp\/v2\/posts"}],"about":[{"href":"http:\/\/blogdoarmindomaia.com.br\/index.php?rest_route=\/wp\/v2\/types\/post"}],"author":[{"embeddable":true,"href":"http:\/\/blogdoarmindomaia.com.br\/index.php?rest_route=\/wp\/v2\/users\/2"}],"replies":[{"embeddable":true,"href":"http:\/\/blogdoarmindomaia.com.br\/index.php?rest_route=%2Fwp%2Fv2%2Fcomments&post=8214"}],"version-history":[{"count":1,"href":"http:\/\/blogdoarmindomaia.com.br\/index.php?rest_route=\/wp\/v2\/posts\/8214\/revisions"}],"predecessor-version":[{"id":8216,"href":"http:\/\/blogdoarmindomaia.com.br\/index.php?rest_route=\/wp\/v2\/posts\/8214\/revisions\/8216"}],"wp:featuredmedia":[{"embeddable":true,"href":"http:\/\/blogdoarmindomaia.com.br\/index.php?rest_route=\/wp\/v2\/media\/8215"}],"wp:attachment":[{"href":"http:\/\/blogdoarmindomaia.com.br\/index.php?rest_route=%2Fwp%2Fv2%2Fmedia&parent=8214"}],"wp:term":[{"taxonomy":"category","embeddable":true,"href":"http:\/\/blogdoarmindomaia.com.br\/index.php?rest_route=%2Fwp%2Fv2%2Fcategories&post=8214"},{"taxonomy":"post_tag","embeddable":true,"href":"http:\/\/blogdoarmindomaia.com.br\/index.php?rest_route=%2Fwp%2Fv2%2Ftags&post=8214"}],"curies":[{"name":"wp","href":"https:\/\/api.w.org\/{rel}","templated":true}]}}