{"id":8217,"date":"2025-02-11T11:11:28","date_gmt":"2025-02-11T14:11:28","guid":{"rendered":"http:\/\/blogdoarmindomaia.com.br\/?p=8217"},"modified":"2025-02-11T11:11:29","modified_gmt":"2025-02-11T14:11:29","slug":"governo-federal-reconhece-araxa-como-referencia-nacional-em-alfabetizacao-infantil","status":"publish","type":"post","link":"http:\/\/blogdoarmindomaia.com.br\/?p=8217","title":{"rendered":"Governo Federal reconhece Arax\u00e1 como refer\u00eancia nacional em alfabetiza\u00e7\u00e3o infantil"},"content":{"rendered":"\n<figure class=\"wp-block-image size-large\"><img loading=\"lazy\" decoding=\"async\" width=\"1024\" height=\"767\" src=\"http:\/\/blogdoarmindomaia.com.br\/wp-content\/uploads\/2025\/02\/Governo-Federal-reconhece-Araxa-como-referencia-nacional-em-alfabetizacao-infantil-pag-09-1024x767.jpeg\" alt=\"\" class=\"wp-image-8218\" srcset=\"http:\/\/blogdoarmindomaia.com.br\/wp-content\/uploads\/2025\/02\/Governo-Federal-reconhece-Araxa-como-referencia-nacional-em-alfabetizacao-infantil-pag-09-1024x767.jpeg 1024w, http:\/\/blogdoarmindomaia.com.br\/wp-content\/uploads\/2025\/02\/Governo-Federal-reconhece-Araxa-como-referencia-nacional-em-alfabetizacao-infantil-pag-09-300x225.jpeg 300w, http:\/\/blogdoarmindomaia.com.br\/wp-content\/uploads\/2025\/02\/Governo-Federal-reconhece-Araxa-como-referencia-nacional-em-alfabetizacao-infantil-pag-09-768x576.jpeg 768w, http:\/\/blogdoarmindomaia.com.br\/wp-content\/uploads\/2025\/02\/Governo-Federal-reconhece-Araxa-como-referencia-nacional-em-alfabetizacao-infantil-pag-09-1536x1151.jpeg 1536w, http:\/\/blogdoarmindomaia.com.br\/wp-content\/uploads\/2025\/02\/Governo-Federal-reconhece-Araxa-como-referencia-nacional-em-alfabetizacao-infantil-pag-09.jpeg 1600w\" sizes=\"auto, (max-width: 1024px) 100vw, 1024px\" \/><\/figure>\n\n\n\n<figure class=\"wp-block-image size-full\"><img loading=\"lazy\" decoding=\"async\" width=\"768\" height=\"576\" src=\"http:\/\/blogdoarmindomaia.com.br\/wp-content\/uploads\/2025\/02\/Selo-Ouro-5.jpeg\" alt=\"\" class=\"wp-image-8219\" srcset=\"http:\/\/blogdoarmindomaia.com.br\/wp-content\/uploads\/2025\/02\/Selo-Ouro-5.jpeg 768w, http:\/\/blogdoarmindomaia.com.br\/wp-content\/uploads\/2025\/02\/Selo-Ouro-5-300x225.jpeg 300w\" sizes=\"auto, (max-width: 768px) 100vw, 768px\" \/><\/figure>\n\n\n\n<p>Arax\u00e1 foi destaque nacional na educa\u00e7\u00e3o ao conquistar o Selo Ouro no Compromisso Nacional Crian\u00e7a Alfabetizada (CNCA). Com 100 pontos, a cidade atingiu a nota m\u00e1xima e superou todos os munic\u00edpios da regi\u00e3o. A cerim\u00f4nia de premia\u00e7\u00e3o aconteceu nesta segunda-feira (10), em Bras\u00edlia, e contou com a presen\u00e7a do presidente Luiz In\u00e1cio Lula da Silva, do prefeito de Arax\u00e1, Robson Magela, da secret\u00e1ria de Educa\u00e7\u00e3o, Zulma Moreira, do secret\u00e1rio de Governo, Rick Paranhos e do assessor de Rela\u00e7\u00f5es Interinstitucionais, Sebasti\u00e3o Donizete. &nbsp;<br><br>O reconhecimento foi concedido pelo Minist\u00e9rio da Educa\u00e7\u00e3o (MEC) e premia munic\u00edpios que se destacam na alfabetiza\u00e7\u00e3o de crian\u00e7as at\u00e9 o 2\u00ba ano do ensino fundamental. Al\u00e9m disso, avalia a\u00e7\u00f5es voltadas \u00e0 recupera\u00e7\u00e3o da aprendizagem de estudantes do 3\u00ba ao 5\u00ba ano, impactados pela pandemia. Arax\u00e1 foi a \u00fanica cidade entre os 25 munic\u00edpios da Superintend\u00eancia Regional de Ensino (SRE) de Uberaba a atingir a pontua\u00e7\u00e3o m\u00e1xima. O munic\u00edpio superou Campos Altos (95 pontos), Frutal (90 pontos) e Uberaba (83 pontos), entre outros.<br><br>O Selo Ouro faz parte do Compromisso Nacional Crian\u00e7a Alfabetizada. A iniciativa foi lan\u00e7ada pelo MEC em 2023 para fortalecer pol\u00edticas p\u00fablicas de alfabetiza\u00e7\u00e3o e reduzir desigualdades educacionais. A avalia\u00e7\u00e3o, alinhada ao Plano Nacional de Educa\u00e7\u00e3o (PNE), considera crit\u00e9rios como a implementa\u00e7\u00e3o de a\u00e7\u00f5es estruturantes, a integra\u00e7\u00e3o com o territ\u00f3rio estadual, a institucionaliza\u00e7\u00e3o de pol\u00edticas de alfabetiza\u00e7\u00e3o, a forma\u00e7\u00e3o de professores e a distribui\u00e7\u00e3o de materiais did\u00e1ticos complementares.<br><br>Munic\u00edpios com mais de 85 pontos recebem o Selo Ouro. J\u00e1 aqueles que atingem entre 65 e 84 pontos recebem o Selo Prata, enquanto os que pontuam entre 45 e 64 s\u00e3o contemplados com o Selo Bronze.<\/p>\n","protected":false},"excerpt":{"rendered":"<p>Arax\u00e1 foi destaque nacional na educa\u00e7\u00e3o ao conquistar o Selo Ouro no Compromisso Nacional Crian\u00e7a Alfabetizada (CNCA). Com 100 pontos,<\/p>\n","protected":false},"author":2,"featured_media":8218,"comment_status":"open","ping_status":"open","sticky":false,"template":"","format":"standard","meta":{"footnotes":""},"categories":[9,11,13],"tags":[],"class_list":["post-8217","post","type-post","status-publish","format-standard","has-post-thumbnail","hentry","category-araxa","category-destaques","category-educacao"],"_links":{"self":[{"href":"http:\/\/blogdoarmindomaia.com.br\/index.php?rest_route=\/wp\/v2\/posts\/8217","targetHints":{"allow":["GET"]}}],"collection":[{"href":"http:\/\/blogdoarmindomaia.com.br\/index.php?rest_route=\/wp\/v2\/posts"}],"about":[{"href":"http:\/\/blogdoarmindomaia.com.br\/index.php?rest_route=\/wp\/v2\/types\/post"}],"author":[{"embeddable":true,"href":"http:\/\/blogdoarmindomaia.com.br\/index.php?rest_route=\/wp\/v2\/users\/2"}],"replies":[{"embeddable":true,"href":"http:\/\/blogdoarmindomaia.com.br\/index.php?rest_route=%2Fwp%2Fv2%2Fcomments&post=8217"}],"version-history":[{"count":1,"href":"http:\/\/blogdoarmindomaia.com.br\/index.php?rest_route=\/wp\/v2\/posts\/8217\/revisions"}],"predecessor-version":[{"id":8220,"href":"http:\/\/blogdoarmindomaia.com.br\/index.php?rest_route=\/wp\/v2\/posts\/8217\/revisions\/8220"}],"wp:featuredmedia":[{"embeddable":true,"href":"http:\/\/blogdoarmindomaia.com.br\/index.php?rest_route=\/wp\/v2\/media\/8218"}],"wp:attachment":[{"href":"http:\/\/blogdoarmindomaia.com.br\/index.php?rest_route=%2Fwp%2Fv2%2Fmedia&parent=8217"}],"wp:term":[{"taxonomy":"category","embeddable":true,"href":"http:\/\/blogdoarmindomaia.com.br\/index.php?rest_route=%2Fwp%2Fv2%2Fcategories&post=8217"},{"taxonomy":"post_tag","embeddable":true,"href":"http:\/\/blogdoarmindomaia.com.br\/index.php?rest_route=%2Fwp%2Fv2%2Ftags&post=8217"}],"curies":[{"name":"wp","href":"https:\/\/api.w.org\/{rel}","templated":true}]}}