{"id":8221,"date":"2025-02-12T15:23:02","date_gmt":"2025-02-12T18:23:02","guid":{"rendered":"http:\/\/blogdoarmindomaia.com.br\/?p=8221"},"modified":"2025-02-12T15:23:03","modified_gmt":"2025-02-12T18:23:03","slug":"45a-expoaraxa-2025-a-tradicional-festa-da-familia-esta-de-volta","status":"publish","type":"post","link":"http:\/\/blogdoarmindomaia.com.br\/?p=8221","title":{"rendered":"45\u00aa EXPOARAX\u00c1 2025: A tradicional festa da fam\u00edlia est\u00e1 de volta"},"content":{"rendered":"\n<figure class=\"wp-block-image size-large\"><img loading=\"lazy\" decoding=\"async\" width=\"1024\" height=\"1024\" src=\"http:\/\/blogdoarmindomaia.com.br\/wp-content\/uploads\/2025\/02\/45a-EXPOARAXA-2025-A-tradicional-festa-da-familia-esta-de-volta-pag-8A-1024x1024.png\" alt=\"\" class=\"wp-image-8222\" srcset=\"http:\/\/blogdoarmindomaia.com.br\/wp-content\/uploads\/2025\/02\/45a-EXPOARAXA-2025-A-tradicional-festa-da-familia-esta-de-volta-pag-8A-1024x1024.png 1024w, http:\/\/blogdoarmindomaia.com.br\/wp-content\/uploads\/2025\/02\/45a-EXPOARAXA-2025-A-tradicional-festa-da-familia-esta-de-volta-pag-8A-300x300.png 300w, http:\/\/blogdoarmindomaia.com.br\/wp-content\/uploads\/2025\/02\/45a-EXPOARAXA-2025-A-tradicional-festa-da-familia-esta-de-volta-pag-8A-150x150.png 150w, http:\/\/blogdoarmindomaia.com.br\/wp-content\/uploads\/2025\/02\/45a-EXPOARAXA-2025-A-tradicional-festa-da-familia-esta-de-volta-pag-8A-768x768.png 768w, http:\/\/blogdoarmindomaia.com.br\/wp-content\/uploads\/2025\/02\/45a-EXPOARAXA-2025-A-tradicional-festa-da-familia-esta-de-volta-pag-8A.png 1080w\" sizes=\"auto, (max-width: 1024px) 100vw, 1024px\" \/><\/figure>\n\n\n\n<p>A tradicional Expoarax\u00e1 est\u00e1 de volta! Ap\u00f3s um hiato desde sua \u00faltima edi\u00e7\u00e3o em 2018, a maior exposi\u00e7\u00e3o agropecu\u00e1ria de Arax\u00e1 e regi\u00e3o retorna em 2025, celebrando 45 edi\u00e7\u00f5es de hist\u00f3ria, tradi\u00e7\u00e3o e inova\u00e7\u00e3o. Entre os dias 07 e 21 de abril, o Parque de Exposi\u00e7\u00e3o Agenor Lemos ser\u00e1 palco de eventos que prometem movimentar o setor agropecu\u00e1rio e proporcionar uma experi\u00eancia inesquec\u00edvel para toda a fam\u00edlia. Para marcar este retorno hist\u00f3rico, a 45\u00aa Edi\u00e7\u00e3o da Expoarax\u00e1 traz uma programa\u00e7\u00e3o repleta de novidades, com foco na moderniza\u00e7\u00e3o e nas grandes tend\u00eancias do mercado agro. Pela primeira vez, o evento integrar\u00e1 o Circuito Mundial de Rodeio, elevando o n\u00edvel das competi\u00e7\u00f5es e atraindo olhares de todo o pa\u00eds. O rodeio ser\u00e1 organizado pela PBR &#8211; Professional Bull Riders, a maior organiza\u00e7\u00e3o mundial de montaria em touros. Pertencente ao Grupo Endeavor, respons\u00e1vel por grandes eventos globais como UFC e NFL, a PBR coloca Arax\u00e1 em um patamar mundial de competi\u00e7\u00f5es, refor\u00e7ando a relev\u00e2ncia internacional da Expoarax\u00e1.<\/p>\n\n\n\n<p>De 07 a 12 de abril, o melhor do Girolando e Gir Leiteiro ser\u00e1 apresentado na 8\u00aa Exposi\u00e7\u00e3o Regional do Gir Leiteiro &amp; Exposi\u00e7\u00e3o Ranqueada do Girolando. Simultaneamente, entre os dias 09 e 12, ser\u00e1 realizada a Fenarap \u2013 Feira de Agroneg\u00f3cios de Arax\u00e1 e Alto Parana\u00edba, destacando a excel\u00eancia do agroneg\u00f3cio regional. No dia 21 de abril, acontece o 1\u00ba Circuito Poeir\u00e3o Marchadores do Alto Parana\u00edba com julgamento e premia\u00e7\u00f5es em diversas categorias equestres.<\/p>\n\n\n\n<p><strong>Shows imperd\u00edveis e entretenimento para todos<\/strong><\/p>\n\n\n\n<p>De 18 a 21 de abril, Expoarax\u00e1 2025 conta com uma programa\u00e7\u00e3o musical que promete agradar a todos os p\u00fablicos. Grandes nomes da m\u00fasica sertaneja estar\u00e3o no palco principal:<\/p>\n\n\n\n<ul class=\"wp-block-list\">\n<li>18 de abril (sexta-feira, ap\u00f3s a meia-noite): <em>Clayton &amp; Rom\u00e1rio<\/em><\/li>\n\n\n\n<li>19 de abril (s\u00e1bado): <em>Diego &amp; Victor Hugo<\/em><\/li>\n\n\n\n<li>20 de abril (domingo): <em>Daniel<\/em><\/li>\n\n\n\n<li>21 de abril (segunda-feira): <em>Os Menotti (Cesar Menotti &amp; Fabiano)<\/em><\/li>\n<\/ul>\n\n\n\n<p>Al\u00e9m dos shows, o evento oferece atividades como rodeio profissional PBR, provas de Team Penning e 3 Tambores.<\/p>\n\n\n\n<p>Para completar a experi\u00eancia, a Expoarax\u00e1 tamb\u00e9m contar\u00e1 com um parque de divers\u00f5es, pra\u00e7a de alimenta\u00e7\u00e3o e camarotes exclusivos, garantindo entretenimento e conforto para todos os visitantes.<\/p>\n\n\n\n<p><strong>Uma edi\u00e7\u00e3o hist\u00f3rica para celebrar 45 edi\u00e7\u00f5es<\/strong><\/p>\n\n\n\n<p>Com 67 anos de tradi\u00e7\u00e3o, a Expoarax\u00e1 reafirma sua relev\u00e2ncia como um dos eventos mais importantes para o setor agropecu\u00e1rio mineiro e nacional. Mais do que uma feira, \u00e9 uma verdadeira festa para toda a fam\u00edlia, onde o campo e a cidade se encontram em uma celebra\u00e7\u00e3o de cultura, neg\u00f3cios e lazer.<\/p>\n\n\n\n<p><strong>Ingressos:<\/strong> Os ingressos est\u00e3o dispon\u00edveis em pontos de venda f\u00edsicos na cidade, e podem ser conferidos pelo Instagram do evento @expoaraxa.oficial . \u00c9 a oportunidade de garantir presen\u00e7a em um evento que promete entrar para a hist\u00f3ria de Arax\u00e1 e regi\u00e3o. Prepare-se para viver a Expoarax\u00e1 2025, onde tradi\u00e7\u00e3o, modernidade e divers\u00e3<\/p>\n","protected":false},"excerpt":{"rendered":"<p>A tradicional Expoarax\u00e1 est\u00e1 de volta! Ap\u00f3s um hiato desde sua \u00faltima edi\u00e7\u00e3o em 2018, a maior exposi\u00e7\u00e3o agropecu\u00e1ria de<\/p>\n","protected":false},"author":2,"featured_media":8222,"comment_status":"open","ping_status":"open","sticky":false,"template":"","format":"standard","meta":{"footnotes":""},"categories":[11],"tags":[],"class_list":["post-8221","post","type-post","status-publish","format-standard","has-post-thumbnail","hentry","category-destaques"],"_links":{"self":[{"href":"http:\/\/blogdoarmindomaia.com.br\/index.php?rest_route=\/wp\/v2\/posts\/8221","targetHints":{"allow":["GET"]}}],"collection":[{"href":"http:\/\/blogdoarmindomaia.com.br\/index.php?rest_route=\/wp\/v2\/posts"}],"about":[{"href":"http:\/\/blogdoarmindomaia.com.br\/index.php?rest_route=\/wp\/v2\/types\/post"}],"author":[{"embeddable":true,"href":"http:\/\/blogdoarmindomaia.com.br\/index.php?rest_route=\/wp\/v2\/users\/2"}],"replies":[{"embeddable":true,"href":"http:\/\/blogdoarmindomaia.com.br\/index.php?rest_route=%2Fwp%2Fv2%2Fcomments&post=8221"}],"version-history":[{"count":1,"href":"http:\/\/blogdoarmindomaia.com.br\/index.php?rest_route=\/wp\/v2\/posts\/8221\/revisions"}],"predecessor-version":[{"id":8223,"href":"http:\/\/blogdoarmindomaia.com.br\/index.php?rest_route=\/wp\/v2\/posts\/8221\/revisions\/8223"}],"wp:featuredmedia":[{"embeddable":true,"href":"http:\/\/blogdoarmindomaia.com.br\/index.php?rest_route=\/wp\/v2\/media\/8222"}],"wp:attachment":[{"href":"http:\/\/blogdoarmindomaia.com.br\/index.php?rest_route=%2Fwp%2Fv2%2Fmedia&parent=8221"}],"wp:term":[{"taxonomy":"category","embeddable":true,"href":"http:\/\/blogdoarmindomaia.com.br\/index.php?rest_route=%2Fwp%2Fv2%2Fcategories&post=8221"},{"taxonomy":"post_tag","embeddable":true,"href":"http:\/\/blogdoarmindomaia.com.br\/index.php?rest_route=%2Fwp%2Fv2%2Ftags&post=8221"}],"curies":[{"name":"wp","href":"https:\/\/api.w.org\/{rel}","templated":true}]}}