{"id":8228,"date":"2025-02-12T15:27:51","date_gmt":"2025-02-12T18:27:51","guid":{"rendered":"http:\/\/blogdoarmindomaia.com.br\/?p=8228"},"modified":"2025-02-12T15:27:56","modified_gmt":"2025-02-12T18:27:56","slug":"robson-busca-liberacao-de-recursos-federais-para-saude-e-obras-viarias","status":"publish","type":"post","link":"http:\/\/blogdoarmindomaia.com.br\/?p=8228","title":{"rendered":"Robson busca libera\u00e7\u00e3o de recursos federais para sa\u00fade e obras vi\u00e1rias"},"content":{"rendered":"\n<figure class=\"wp-block-image size-large\"><img loading=\"lazy\" decoding=\"async\" width=\"1024\" height=\"684\" src=\"http:\/\/blogdoarmindomaia.com.br\/wp-content\/uploads\/2025\/02\/Robson-busca-liberacao-de-recursos-federais-para-saude-e-obras-viarias-pag-8B-1024x684.jpeg\" alt=\"\" class=\"wp-image-8229\" srcset=\"http:\/\/blogdoarmindomaia.com.br\/wp-content\/uploads\/2025\/02\/Robson-busca-liberacao-de-recursos-federais-para-saude-e-obras-viarias-pag-8B-1024x684.jpeg 1024w, http:\/\/blogdoarmindomaia.com.br\/wp-content\/uploads\/2025\/02\/Robson-busca-liberacao-de-recursos-federais-para-saude-e-obras-viarias-pag-8B-300x200.jpeg 300w, http:\/\/blogdoarmindomaia.com.br\/wp-content\/uploads\/2025\/02\/Robson-busca-liberacao-de-recursos-federais-para-saude-e-obras-viarias-pag-8B-768x513.jpeg 768w, http:\/\/blogdoarmindomaia.com.br\/wp-content\/uploads\/2025\/02\/Robson-busca-liberacao-de-recursos-federais-para-saude-e-obras-viarias-pag-8B-1536x1026.jpeg 1536w, http:\/\/blogdoarmindomaia.com.br\/wp-content\/uploads\/2025\/02\/Robson-busca-liberacao-de-recursos-federais-para-saude-e-obras-viarias-pag-8B.jpeg 1600w\" sizes=\"auto, (max-width: 1024px) 100vw, 1024px\" \/><\/figure>\n\n\n\n<p>O prefeito de Arax\u00e1, Robson Magela, se reuniu com o deputado federal M\u00e1rio Heringer para discutir a libera\u00e7\u00e3o das emendas parlamentares destinadas \u00e0 sa\u00fade e, na ocasi\u00e3o, tamb\u00e9m solicitou recursos para a pavimenta\u00e7\u00e3o asf\u00e1ltica. O encontro aconteceu na ter\u00e7a-feira (11), em Bras\u00edlia, e contou com a presen\u00e7a da secret\u00e1ria de Educa\u00e7\u00e3o, Zulma Moreira; do secret\u00e1rio de Governo, Rick Paranhos; e do assessor de Rela\u00e7\u00f5es Interinstitucionais, Sebasti\u00e3o Donizete.<br>O deputado federal M\u00e1rio Heringer apresentou as emendas no valor de R$ 5 milh\u00f5es em dezembro de 2024. Os recursos ser\u00e3o destinados \u00e0 sa\u00fade, contemplando servi\u00e7os de m\u00e9dia e alta complexidade, incluindo cirurgias, exames, pagamento de presta\u00e7\u00e3o de servi\u00e7os especializados e aten\u00e7\u00e3o b\u00e1sica. Al\u00e9m disso, o parlamentar tamb\u00e9m indicou R$ 541 mil para a aquisi\u00e7\u00e3o de mobili\u00e1rio para a UPA e R$ 400 mil para a reforma da Unicentro. M\u00e1rio Heringer informou ao prefeito que o Governo Federal aguarda a aprova\u00e7\u00e3o do Or\u00e7amento de 2025 pelo Congresso para liberar os recursos. A Lei Or\u00e7ament\u00e1ria Anual deve ser votada at\u00e9 mar\u00e7o. Durante a reuni\u00e3o, o prefeito tamb\u00e9m refor\u00e7ou a necessidade de investimentos para a pavimenta\u00e7\u00e3o asf\u00e1ltica de diversas vias da cidade. O deputado se comprometeu a negociar, junto ao Governo Federal, a inclus\u00e3o de recursos no or\u00e7amento para viabilizar melhorias na infraestrutura vi\u00e1ria de Arax\u00e1.<\/p>\n\n\n\n<p>&#8212;<\/p>\n","protected":false},"excerpt":{"rendered":"<p>O prefeito de Arax\u00e1, Robson Magela, se reuniu com o deputado federal M\u00e1rio Heringer para discutir a libera\u00e7\u00e3o das emendas<\/p>\n","protected":false},"author":2,"featured_media":8229,"comment_status":"open","ping_status":"open","sticky":false,"template":"","format":"standard","meta":{"footnotes":""},"categories":[9,11],"tags":[],"class_list":["post-8228","post","type-post","status-publish","format-standard","has-post-thumbnail","hentry","category-araxa","category-destaques"],"_links":{"self":[{"href":"http:\/\/blogdoarmindomaia.com.br\/index.php?rest_route=\/wp\/v2\/posts\/8228","targetHints":{"allow":["GET"]}}],"collection":[{"href":"http:\/\/blogdoarmindomaia.com.br\/index.php?rest_route=\/wp\/v2\/posts"}],"about":[{"href":"http:\/\/blogdoarmindomaia.com.br\/index.php?rest_route=\/wp\/v2\/types\/post"}],"author":[{"embeddable":true,"href":"http:\/\/blogdoarmindomaia.com.br\/index.php?rest_route=\/wp\/v2\/users\/2"}],"replies":[{"embeddable":true,"href":"http:\/\/blogdoarmindomaia.com.br\/index.php?rest_route=%2Fwp%2Fv2%2Fcomments&post=8228"}],"version-history":[{"count":1,"href":"http:\/\/blogdoarmindomaia.com.br\/index.php?rest_route=\/wp\/v2\/posts\/8228\/revisions"}],"predecessor-version":[{"id":8230,"href":"http:\/\/blogdoarmindomaia.com.br\/index.php?rest_route=\/wp\/v2\/posts\/8228\/revisions\/8230"}],"wp:featuredmedia":[{"embeddable":true,"href":"http:\/\/blogdoarmindomaia.com.br\/index.php?rest_route=\/wp\/v2\/media\/8229"}],"wp:attachment":[{"href":"http:\/\/blogdoarmindomaia.com.br\/index.php?rest_route=%2Fwp%2Fv2%2Fmedia&parent=8228"}],"wp:term":[{"taxonomy":"category","embeddable":true,"href":"http:\/\/blogdoarmindomaia.com.br\/index.php?rest_route=%2Fwp%2Fv2%2Fcategories&post=8228"},{"taxonomy":"post_tag","embeddable":true,"href":"http:\/\/blogdoarmindomaia.com.br\/index.php?rest_route=%2Fwp%2Fv2%2Ftags&post=8228"}],"curies":[{"name":"wp","href":"https:\/\/api.w.org\/{rel}","templated":true}]}}