{"id":8231,"date":"2025-02-13T11:23:36","date_gmt":"2025-02-13T14:23:36","guid":{"rendered":"http:\/\/blogdoarmindomaia.com.br\/?p=8231"},"modified":"2025-02-13T11:23:38","modified_gmt":"2025-02-13T14:23:38","slug":"festivalzinho-ecoarte-marca-o-encerramento-da-1a-etapa-do-projeto","status":"publish","type":"post","link":"http:\/\/blogdoarmindomaia.com.br\/?p=8231","title":{"rendered":"Festivalzinho Ecoarte marca o encerramento da 1\u00aa etapa do projeto"},"content":{"rendered":"\n<figure class=\"wp-block-image size-large\"><img loading=\"lazy\" decoding=\"async\" width=\"1024\" height=\"683\" src=\"http:\/\/blogdoarmindomaia.com.br\/wp-content\/uploads\/2025\/02\/Festivalzinho-Ecoarte-marca-o-encerramento-da-1a-etapa-do-projeto-pag-06-1024x683.jpg\" alt=\"\" class=\"wp-image-8232\" srcset=\"http:\/\/blogdoarmindomaia.com.br\/wp-content\/uploads\/2025\/02\/Festivalzinho-Ecoarte-marca-o-encerramento-da-1a-etapa-do-projeto-pag-06-1024x683.jpg 1024w, http:\/\/blogdoarmindomaia.com.br\/wp-content\/uploads\/2025\/02\/Festivalzinho-Ecoarte-marca-o-encerramento-da-1a-etapa-do-projeto-pag-06-300x200.jpg 300w, http:\/\/blogdoarmindomaia.com.br\/wp-content\/uploads\/2025\/02\/Festivalzinho-Ecoarte-marca-o-encerramento-da-1a-etapa-do-projeto-pag-06-768x512.jpg 768w, http:\/\/blogdoarmindomaia.com.br\/wp-content\/uploads\/2025\/02\/Festivalzinho-Ecoarte-marca-o-encerramento-da-1a-etapa-do-projeto-pag-06-1536x1024.jpg 1536w, http:\/\/blogdoarmindomaia.com.br\/wp-content\/uploads\/2025\/02\/Festivalzinho-Ecoarte-marca-o-encerramento-da-1a-etapa-do-projeto-pag-06-2048x1365.jpg 2048w\" sizes=\"auto, (max-width: 1024px) 100vw, 1024px\" \/><\/figure>\n\n\n\n<p>De outubro a fevereiro o projeto Ecoarte realizou diversas oficinas com atividades de promo\u00e7\u00e3o \u00e0 inclus\u00e3o social de crian\u00e7as e jovens, valorizando a criatividade e a sustentabilidade. Para celebrar os resultados culturais e destacar o talento dos participantes ser\u00e1 realizado o Festivalzinho Ecoarte, uma mostra de tudo que foi realizado nas oficinas. &nbsp;Ser\u00e1 no pr\u00f3ximo domingo dia 16, na parte da manh\u00e3, no espa\u00e7o Ecosense. \u201cO objetivo \u00e9 mostrar a evolu\u00e7\u00e3o e as habilidades desenvolvidas pelos participantes das oficinas ao longo dos \u00faltimos meses. Uma forma tambem de prestar contas para a comunidade do trabalho que estamos realizando, explica Patricia Mo\u00e7o, coordenadora do Ecoarte. &nbsp;Um dos pilares do projeto \u00e9 a inclus\u00e3o de pessoas com Transtorno do Espectro Autista (TEA). Ao longo das viv\u00eancias em turmas mistas, foi comprovado que a melhor forma de incluir \u00e9 conviver com as diferen\u00e7as. \u201cPara essas crian\u00e7as as diferen\u00e7as s\u00e3o a soma de algo muito maior, uma riqueza \u00fanica na forma de vivenciar a proposta das oficinas e o desenvolvimento das habilidades e na seguran\u00e7a de estar entre pares que veem muito al\u00e9m da diferen\u00e7a. Aqui a diferen\u00e7a multiplica os saberes, trazendo performances \u00fanicas coletivas e individuais, destaca Patricia.\u201d O Festivalzinho Ecoarte ir\u00e1 proporcionar um momento de integra\u00e7\u00e3o entre os participantes, suas fam\u00edlias e a comunidade, promovendo a arte como ferramenta de transforma\u00e7\u00e3o social e sustentabilidade. Ser\u00e3o montadas tendas, com equipamentos de som, luz e proje\u00e7\u00e3o para apresentar num tel\u00e3o, o trabalho realizado nas oficinas. O cen\u00e1rio ser\u00e1 montado usando instrumentos e Indument\u00e1ria constru\u00eddos coletivamente durante as oficinas, com material reutiliz\u00e1vel com foco na sustentabilidade. &nbsp;O projeto Ecoarte \u00e9 realizado por meio da Lei de Incentivo \u00e0 Cultura, do Minist\u00e9rio da Cultura do Governo Federal com patroc\u00ednios da CBMM, Bem Brasil e Zema, com promo\u00e7\u00e3o do Espa\u00e7o Ecosense.<\/p>\n\n\n\n<p><strong>Servi\u00e7o<\/strong><\/p>\n\n\n\n<p><strong>FESTIVALZINHO ECOARTE<\/strong><\/p>\n\n\n\n<p>Dia: 16\/02- Domingo<\/p>\n\n\n\n<p>Hor\u00e1rio:\u2013 09:00 as 11:30<\/p>\n\n\n\n<p>Local: Espa\u00e7o Ecosense<\/p>\n\n\n\n<p><strong><u>Programa\u00e7\u00e3o:<\/u><\/strong><\/p>\n\n\n\n<p>Apresenta\u00e7\u00f5es coletivas e individuais dos participantes das oficinas em um show de talentos divertido e acolhedor. As oficinas s\u00e3o:<\/p>\n\n\n\n<p>1. Teatro<\/p>\n\n\n\n<p>2. Artes circenses<\/p>\n\n\n\n<p>3. Capoeira<\/p>\n\n\n\n<p>4. Artes visuais (Desenho e cultura Hip Hop e Oficina de artes visuais sustent\u00e1vel)<\/p>\n\n\n\n<p>5- Encerramento &#8211; Show musical e Jam session \u2013 artistas da cidade e do projeto.<\/p>\n\n\n\n<p><strong><u>Equipe do Festivalzinho Ecoarte<\/u><\/strong>:<\/p>\n\n\n\n<p>Coordena\u00e7\u00e3o geral \u2013 Patr\u00edcia Mo\u00e7o<\/p>\n\n\n\n<p>&#8211; Cerimonialista \u2013 Rosana Loren<\/p>\n\n\n\n<p>&#8211; Professores \u2013 Andreia Muniz e Gabriel Arcanjo<\/p>\n\n\n\n<p>&#8211; Monitores \u2013 Michael e Mislene<\/p>\n\n\n\n<p>&#8211; Apoio t\u00e9cnico e pedag\u00f3gico \u2013 Jacqueline, Ov\u00eddio e Kelli<\/p>\n\n\n\n<p>&#8211; Buffet \u2013 Ana Cl\u00e1udia<\/p>\n\n\n\n<p><\/p>\n","protected":false},"excerpt":{"rendered":"<p>De outubro a fevereiro o projeto Ecoarte realizou diversas oficinas com atividades de promo\u00e7\u00e3o \u00e0 inclus\u00e3o social de crian\u00e7as e<\/p>\n","protected":false},"author":2,"featured_media":8232,"comment_status":"open","ping_status":"open","sticky":false,"template":"","format":"standard","meta":{"footnotes":""},"categories":[9],"tags":[],"class_list":["post-8231","post","type-post","status-publish","format-standard","has-post-thumbnail","hentry","category-araxa"],"_links":{"self":[{"href":"http:\/\/blogdoarmindomaia.com.br\/index.php?rest_route=\/wp\/v2\/posts\/8231","targetHints":{"allow":["GET"]}}],"collection":[{"href":"http:\/\/blogdoarmindomaia.com.br\/index.php?rest_route=\/wp\/v2\/posts"}],"about":[{"href":"http:\/\/blogdoarmindomaia.com.br\/index.php?rest_route=\/wp\/v2\/types\/post"}],"author":[{"embeddable":true,"href":"http:\/\/blogdoarmindomaia.com.br\/index.php?rest_route=\/wp\/v2\/users\/2"}],"replies":[{"embeddable":true,"href":"http:\/\/blogdoarmindomaia.com.br\/index.php?rest_route=%2Fwp%2Fv2%2Fcomments&post=8231"}],"version-history":[{"count":1,"href":"http:\/\/blogdoarmindomaia.com.br\/index.php?rest_route=\/wp\/v2\/posts\/8231\/revisions"}],"predecessor-version":[{"id":8233,"href":"http:\/\/blogdoarmindomaia.com.br\/index.php?rest_route=\/wp\/v2\/posts\/8231\/revisions\/8233"}],"wp:featuredmedia":[{"embeddable":true,"href":"http:\/\/blogdoarmindomaia.com.br\/index.php?rest_route=\/wp\/v2\/media\/8232"}],"wp:attachment":[{"href":"http:\/\/blogdoarmindomaia.com.br\/index.php?rest_route=%2Fwp%2Fv2%2Fmedia&parent=8231"}],"wp:term":[{"taxonomy":"category","embeddable":true,"href":"http:\/\/blogdoarmindomaia.com.br\/index.php?rest_route=%2Fwp%2Fv2%2Fcategories&post=8231"},{"taxonomy":"post_tag","embeddable":true,"href":"http:\/\/blogdoarmindomaia.com.br\/index.php?rest_route=%2Fwp%2Fv2%2Ftags&post=8231"}],"curies":[{"name":"wp","href":"https:\/\/api.w.org\/{rel}","templated":true}]}}