{"id":825,"date":"2022-05-12T23:46:28","date_gmt":"2022-05-13T02:46:28","guid":{"rendered":"http:\/\/blogdoarmindomaia.com.br\/?p=825"},"modified":"2022-05-12T23:46:30","modified_gmt":"2022-05-13T02:46:30","slug":"coluna-do-luis-borges-3","status":"publish","type":"post","link":"http:\/\/blogdoarmindomaia.com.br\/?p=825","title":{"rendered":"Coluna do Luis Borges:"},"content":{"rendered":"\n<p><strong>Per\u00edodo sab\u00e1tico<\/strong>por&nbsp;<a href=\"http:\/\/observacaoeanalise.com.br\/author\/observaconvid\/\" target=\"_blank\" rel=\"noreferrer noopener\">Convidado<\/a>&nbsp;,&nbsp;&nbsp;6 de maio de 2022&nbsp;&nbsp;<a href=\"http:\/\/observacaoeanalise.com.br\/root\/?cat=536\" target=\"_blank\" rel=\"noreferrer noopener\">Convidado<\/a><\/p>\n\n\n\n<hr class=\"wp-block-separator\"\/>\n\n\n\n<figure class=\"wp-block-image size-full is-style-default\"><img loading=\"lazy\" decoding=\"async\" width=\"203\" height=\"219\" src=\"http:\/\/blogdoarmindomaia.com.br\/wp-content\/uploads\/2022\/05\/Luis-Borges.jpg\" alt=\"\" class=\"wp-image-826\"\/><\/figure>\n\n\n\n<p>Neste abril, me reservei o direito de tirar f\u00e9rias e ir para o campo. Muita gente pode pensar que depois da reclus\u00e3o imposta pela pandemia, o que precisamos \u00e9 de trabalho e n\u00e3o de folga. Mas como est\u00e3o as cabe\u00e7as? Est\u00e3o aptas \u00e0s exig\u00eancias do trabalho? O que tenho ouvido de depoimentos \u00e9 que as pessoas est\u00e3o cabisbaixas, desanimadas e depressivas.<\/p>\n\n\n\n<p>Por isso, meus buc\u00f3licos leitores, ap\u00f3s concluir um trabalho, decidi fazer uma quinzena sab\u00e1tica. Fugi do roncos dos motores, das buzinas de pessoas impacientes (nem por isso justifica-se a falta de educa\u00e7\u00e3o), dos garis que acordam os moradores, sem cerim\u00f4nia, perto da zero hora. Mas o maior ganho foi dispensar a internet e a televis\u00e3o por todos os dias. Somente l\u00e1, percebi que estava sendo intoxicado e, pior, tendo meu c\u00e9rebro massificado para que n\u00e3o conseguisse pensar por mim. N\u00e3o assisti aos jogos de futebol, nem vi meu galo ganhar outra vez. Ser\u00e1 que ganhou? Tamb\u00e9m n\u00e3o vi nada sobre o covarde massacre \u00e0 Ucr\u00e2nia. Tampouco ouvi not\u00edcias sobre a pol\u00edtica, felizmente. Voc\u00eas est\u00e3o se perguntando, meus tecnol\u00f3gicos leitores, se fiquei sem internet por tantos dias e sobrevivi?<\/p>\n\n\n\n<p>A prova viva de que n\u00e3o morri \u00e9 que estou, agora, escrevendo a minha experi\u00eancia. A sensa\u00e7\u00e3o \u00e9 de \u201cestou limpo\u201d, como dizem os viciados em drogas quando conseguem ficar um tempo sem elas. O que impera aqui \u00e9 o sil\u00eancio, apenas quebrado pelo canto dos p\u00e1ssaros. Nada substitui o cheiro do orvalho sobre a relva. Os morros, t\u00e3o verdes quanto a esperan\u00e7a de um menino, me cercam por todos os lados, e um c\u00e9u de um azul estonteante completa o quadro de paz que me serve como palco neste teatro da vida.&nbsp; Sentado num banco de madeira e usufruindo de toda essa ben\u00e7\u00e3o que Deus me proporciona, aproveito alguns instantes para reler o livro de Charles C. Mans,&nbsp;<em>Felicidade: a escolha \u00e9 sua<\/em>. T\u00edtulo apropriado para a ocasi\u00e3o.<\/p>\n\n\n\n<p>Os benef\u00edcios desta imers\u00e3o come\u00e7am pela sa\u00fade que, como todos sabem, depende da mente:&nbsp; \u2013&nbsp;<em>mente s\u00e3, corpo s\u00e3o<\/em>. E o mais surpreendente \u00e9 que descobrimos o quanto nossas lentes estavam emba\u00e7adas, a ponto de vermos coisas de maneira invertida, como escreveu Machado de Assis, quando se referiu \u00e0 imagem do espelho. Nos vemos invertidos.<\/p>\n\n\n\n<p>Parece utopia, mas n\u00e3o \u00e9. Creiam em mim. Precisamos sair do quadrado para enxerg\u00e1-lo nitidamente. Quando estamos envolvidos n\u00e3o conseguimos agir com precis\u00e3o, porque a emo\u00e7\u00e3o ilude a raz\u00e3o. Salta-me ao pensamento uma mem\u00f3ria de um tal \u201cEfeito Halo\u201d. Aprendi sobre ele quando realizava o primeiro trabalho de Avalia\u00e7\u00e3o de Desempenho Organizacional. Faz tempo\u2026 &nbsp;mas o fundamento era que dificilmente avaliamos algo ou algu\u00e9m somente com a raz\u00e3o. Sem precisar dizer que os agentes da comunica\u00e7\u00e3o profissional, quando lhes conv\u00eam, produzem not\u00edcias e t\u00eam recursos que nos levam a ver o dem\u00f4nio com a imagem do Salvador. O pior disso tudo \u00e9 que nos convencem.<\/p>\n\n\n\n<p>Por essa raz\u00e3o, j\u00e1 que estou no campo, \u00e9 que temos que deixar de sermos r\u00e3s e nos transformar em pintassilgos, para sair do buraco, voar e descobrir que h\u00e1 vida fora da caverna, e com liberdade. Assim escreveu Rubem Alves (<em>O pintassilgo e as r\u00e3s<\/em>) e, muito antes dele, Plat\u00e3o tamb\u00e9m nos fala lindamente sobre o mesmo tema, em&nbsp;&nbsp;<em>O mito da caverna.<\/em><\/p>\n\n\n\n<p>Apesar de tudo isso, ainda n\u00e3o aprendi a voar, apenas meus pensamentos voam \u201cparecem uma coisa \u00e0 toa\u2026\u201d mas estou apreciando o voo dos p\u00e1ssaros e \u201c<em>A insustent\u00e1vel leveza do ser<\/em>\u201d.<\/p>\n\n\n\n<p>Sinto-me mais leve de esp\u00edrito, mais s\u00f3brio, e creio, me recarreguei de energia sem poluentes.<\/p>\n\n\n\n<p>Olho para os morros e, s\u00e3o tantos, uns ap\u00f3s os outros, que os vejo de m\u00e3os dadas para que a gan\u00e2ncia dos homens jamais os consiga separar.<\/p>\n\n\n\n<p><em>*S\u00e9rgio Marchetti \u00e9 educador, palestrante e professor. Possui licenciatura em Letras, \u00e9 p\u00f3s-graduado em Educa\u00e7\u00e3o Tecnol\u00f3gica e em Administra\u00e7\u00e3o de Recursos Humanos. Atua em cursos de MBA e P\u00f3s-Gradua\u00e7\u00e3o na Funda\u00e7\u00e3o Dom Cabral, B.I. International e Rehagro. Realiza treinamentos para empresas de grande porte no Brasil e no exterior.&nbsp;<a href=\"http:\/\/www.sergiomarchetti.com.br\/\" target=\"_blank\" rel=\"noreferrer noopener\">www.sergiomarchetti.com.br<\/a>.<\/em><\/p>\n","protected":false},"excerpt":{"rendered":"<p>Per\u00edodo sab\u00e1ticopor&nbsp;Convidado&nbsp;,&nbsp;&nbsp;6 de maio de 2022&nbsp;&nbsp;Convidado Neste abril, me reservei o direito de tirar f\u00e9rias e ir para o campo.<\/p>\n","protected":false},"author":2,"featured_media":826,"comment_status":"open","ping_status":"open","sticky":false,"template":"","format":"standard","meta":{"footnotes":""},"categories":[9,23],"tags":[],"class_list":["post-825","post","type-post","status-publish","format-standard","has-post-thumbnail","hentry","category-araxa","category-opiniao"],"_links":{"self":[{"href":"http:\/\/blogdoarmindomaia.com.br\/index.php?rest_route=\/wp\/v2\/posts\/825","targetHints":{"allow":["GET"]}}],"collection":[{"href":"http:\/\/blogdoarmindomaia.com.br\/index.php?rest_route=\/wp\/v2\/posts"}],"about":[{"href":"http:\/\/blogdoarmindomaia.com.br\/index.php?rest_route=\/wp\/v2\/types\/post"}],"author":[{"embeddable":true,"href":"http:\/\/blogdoarmindomaia.com.br\/index.php?rest_route=\/wp\/v2\/users\/2"}],"replies":[{"embeddable":true,"href":"http:\/\/blogdoarmindomaia.com.br\/index.php?rest_route=%2Fwp%2Fv2%2Fcomments&post=825"}],"version-history":[{"count":1,"href":"http:\/\/blogdoarmindomaia.com.br\/index.php?rest_route=\/wp\/v2\/posts\/825\/revisions"}],"predecessor-version":[{"id":827,"href":"http:\/\/blogdoarmindomaia.com.br\/index.php?rest_route=\/wp\/v2\/posts\/825\/revisions\/827"}],"wp:featuredmedia":[{"embeddable":true,"href":"http:\/\/blogdoarmindomaia.com.br\/index.php?rest_route=\/wp\/v2\/media\/826"}],"wp:attachment":[{"href":"http:\/\/blogdoarmindomaia.com.br\/index.php?rest_route=%2Fwp%2Fv2%2Fmedia&parent=825"}],"wp:term":[{"taxonomy":"category","embeddable":true,"href":"http:\/\/blogdoarmindomaia.com.br\/index.php?rest_route=%2Fwp%2Fv2%2Fcategories&post=825"},{"taxonomy":"post_tag","embeddable":true,"href":"http:\/\/blogdoarmindomaia.com.br\/index.php?rest_route=%2Fwp%2Fv2%2Ftags&post=825"}],"curies":[{"name":"wp","href":"https:\/\/api.w.org\/{rel}","templated":true}]}}