{"id":8260,"date":"2025-02-17T16:01:05","date_gmt":"2025-02-17T19:01:05","guid":{"rendered":"http:\/\/blogdoarmindomaia.com.br\/?p=8260"},"modified":"2025-02-17T16:01:06","modified_gmt":"2025-02-17T19:01:06","slug":"nova-concessionaria-assume-br-262-a-partir-de-marco","status":"publish","type":"post","link":"http:\/\/blogdoarmindomaia.com.br\/?p=8260","title":{"rendered":"Nova concession\u00e1ria assume BR 262 a partir de mar\u00e7o"},"content":{"rendered":"\n<figure class=\"wp-block-image size-full\"><img loading=\"lazy\" decoding=\"async\" width=\"800\" height=\"445\" src=\"http:\/\/blogdoarmindomaia.com.br\/wp-content\/uploads\/2025\/02\/Nova-concessionaria-assume-BR-262-a-partir-de-marco-pag-09.jpg\" alt=\"\" class=\"wp-image-8261\" srcset=\"http:\/\/blogdoarmindomaia.com.br\/wp-content\/uploads\/2025\/02\/Nova-concessionaria-assume-BR-262-a-partir-de-marco-pag-09.jpg 800w, http:\/\/blogdoarmindomaia.com.br\/wp-content\/uploads\/2025\/02\/Nova-concessionaria-assume-BR-262-a-partir-de-marco-pag-09-300x167.jpg 300w, http:\/\/blogdoarmindomaia.com.br\/wp-content\/uploads\/2025\/02\/Nova-concessionaria-assume-BR-262-a-partir-de-marco-pag-09-768x427.jpg 768w\" sizes=\"auto, (max-width: 800px) 100vw, 800px\" \/><\/figure>\n\n\n\n<p>A Ag\u00eancia Nacional de Transporte Terrestre (ANTT), a concession\u00e1ria Way-262 e o Minist\u00e9rio dos Transportes assinaram, na \u00faltima sexta-feira (14\/2), o contrato que formaliza a concess\u00e3o de parte da BR-262, em Minas Gerais.<\/p>\n\n\n\n<p>Conhecido como Rota do Zebu, o trecho concedido compreende 438,9 quil\u00f4metros entre Betim e Uberaba, passando por 20 cidades, entre as quais Juatuba, Par\u00e1 de Minas, Nova Serrana, Luz e Arax\u00e1.<\/p>\n\n\n\n<p>Com a assinatura do contrato, a Way-262 assumir\u00e1, a partir de 14 de mar\u00e7o deste ano, a responsabilidade pela administra\u00e7\u00e3o, recupera\u00e7\u00e3o, conserva\u00e7\u00e3o, manuten\u00e7\u00e3o, implanta\u00e7\u00e3o de melhorias e amplia\u00e7\u00e3o do trecho, que vai do Km 360,1 ao Km 799. A concess\u00e3o ter\u00e1 30 anos.<\/p>\n\n\n\n<p>O investimento da concession\u00e1ria ser\u00e1 de R$ 8,5 bilh\u00f5es, sendo R$ 4,4 bilh\u00f5es em obras e servi\u00e7os de infraestrutura e R$ 4,1 bilh\u00f5es em atendimento aos usu\u00e1rios e opera\u00e7\u00e3o da rodovia. A previs\u00e3o \u00e9 de que sejam criados mais de 62 mil empregos diretos e indiretos, da regi\u00e3o metropolitana de Belo Horizonte at\u00e9 a \u00e1rea considerada a porta do Tri\u00e2ngulo Mineiro, ao longo do contrato.<\/p>\n\n\n\n<p>A regi\u00e3o abrange 4,4 milh\u00f5es de pessoas e o fluxo di\u00e1rio \u00e9 de 74 mil ve\u00edculos por dia. Em feriados prolongados, o movimento \u00e9 ainda maior. A BR-262 \u00e9 uma via importante para o escoamento da produ\u00e7\u00e3o agropecu\u00e1ria do Tri\u00e2ngulo Mineiro, regi\u00e3o reconhecida pela pecu\u00e1ria de corte e pelo melhoramento gen\u00e9tico do gado zebu.<\/p>\n\n\n\n<p>Neste primeiro momento, o cronograma prev\u00ea a recupera\u00e7\u00e3o do pavimento, com a requalifica\u00e7\u00e3o completa das pistas para garantir conforto e seguran\u00e7a aos usu\u00e1rios, duplica\u00e7\u00e3o de 44,3 quil\u00f4metros e cria\u00e7\u00e3o de 168 quil\u00f4metros de faixas adicionais, para ampliar a capacidade e reduzir acidentes nos trechos mais movimentados.<\/p>\n","protected":false},"excerpt":{"rendered":"<p>A Ag\u00eancia Nacional de Transporte Terrestre (ANTT), a concession\u00e1ria Way-262 e o Minist\u00e9rio dos Transportes assinaram, na \u00faltima sexta-feira (14\/2),<\/p>\n","protected":false},"author":2,"featured_media":8261,"comment_status":"open","ping_status":"open","sticky":false,"template":"","format":"standard","meta":{"footnotes":""},"categories":[9,11],"tags":[],"class_list":["post-8260","post","type-post","status-publish","format-standard","has-post-thumbnail","hentry","category-araxa","category-destaques"],"_links":{"self":[{"href":"http:\/\/blogdoarmindomaia.com.br\/index.php?rest_route=\/wp\/v2\/posts\/8260","targetHints":{"allow":["GET"]}}],"collection":[{"href":"http:\/\/blogdoarmindomaia.com.br\/index.php?rest_route=\/wp\/v2\/posts"}],"about":[{"href":"http:\/\/blogdoarmindomaia.com.br\/index.php?rest_route=\/wp\/v2\/types\/post"}],"author":[{"embeddable":true,"href":"http:\/\/blogdoarmindomaia.com.br\/index.php?rest_route=\/wp\/v2\/users\/2"}],"replies":[{"embeddable":true,"href":"http:\/\/blogdoarmindomaia.com.br\/index.php?rest_route=%2Fwp%2Fv2%2Fcomments&post=8260"}],"version-history":[{"count":1,"href":"http:\/\/blogdoarmindomaia.com.br\/index.php?rest_route=\/wp\/v2\/posts\/8260\/revisions"}],"predecessor-version":[{"id":8262,"href":"http:\/\/blogdoarmindomaia.com.br\/index.php?rest_route=\/wp\/v2\/posts\/8260\/revisions\/8262"}],"wp:featuredmedia":[{"embeddable":true,"href":"http:\/\/blogdoarmindomaia.com.br\/index.php?rest_route=\/wp\/v2\/media\/8261"}],"wp:attachment":[{"href":"http:\/\/blogdoarmindomaia.com.br\/index.php?rest_route=%2Fwp%2Fv2%2Fmedia&parent=8260"}],"wp:term":[{"taxonomy":"category","embeddable":true,"href":"http:\/\/blogdoarmindomaia.com.br\/index.php?rest_route=%2Fwp%2Fv2%2Fcategories&post=8260"},{"taxonomy":"post_tag","embeddable":true,"href":"http:\/\/blogdoarmindomaia.com.br\/index.php?rest_route=%2Fwp%2Fv2%2Ftags&post=8260"}],"curies":[{"name":"wp","href":"https:\/\/api.w.org\/{rel}","templated":true}]}}