{"id":8264,"date":"2025-02-20T14:19:22","date_gmt":"2025-02-20T17:19:22","guid":{"rendered":"http:\/\/blogdoarmindomaia.com.br\/?p=8264"},"modified":"2025-02-20T14:19:22","modified_gmt":"2025-02-20T17:19:22","slug":"37o-batalhao-da-policia-militar-de-araxa-comemora-20-anos-de-criacao","status":"publish","type":"post","link":"http:\/\/blogdoarmindomaia.com.br\/?p=8264","title":{"rendered":"37\u00ba Batalh\u00e3o da Pol\u00edcia Militar de Arax\u00e1 comemora 20 anos de cria\u00e7\u00e3o\u00a0"},"content":{"rendered":"\n<figure class=\"wp-block-image size-large\"><img loading=\"lazy\" decoding=\"async\" width=\"1024\" height=\"585\" src=\"http:\/\/blogdoarmindomaia.com.br\/wp-content\/uploads\/2025\/02\/Desfile-da-Tropa-1024x585.jpg\" alt=\"\" class=\"wp-image-8265\" srcset=\"http:\/\/blogdoarmindomaia.com.br\/wp-content\/uploads\/2025\/02\/Desfile-da-Tropa-1024x585.jpg 1024w, http:\/\/blogdoarmindomaia.com.br\/wp-content\/uploads\/2025\/02\/Desfile-da-Tropa-300x171.jpg 300w, http:\/\/blogdoarmindomaia.com.br\/wp-content\/uploads\/2025\/02\/Desfile-da-Tropa-768x439.jpg 768w, http:\/\/blogdoarmindomaia.com.br\/wp-content\/uploads\/2025\/02\/Desfile-da-Tropa.jpg 1080w\" sizes=\"auto, (max-width: 1024px) 100vw, 1024px\" \/><\/figure>\n\n\n\n<figure class=\"wp-block-image size-large\"><img loading=\"lazy\" decoding=\"async\" width=\"771\" height=\"1024\" src=\"http:\/\/blogdoarmindomaia.com.br\/wp-content\/uploads\/2025\/02\/militares-e-autoridades-771x1024.jpg\" alt=\"\" class=\"wp-image-8266\" srcset=\"http:\/\/blogdoarmindomaia.com.br\/wp-content\/uploads\/2025\/02\/militares-e-autoridades-771x1024.jpg 771w, http:\/\/blogdoarmindomaia.com.br\/wp-content\/uploads\/2025\/02\/militares-e-autoridades-226x300.jpg 226w, http:\/\/blogdoarmindomaia.com.br\/wp-content\/uploads\/2025\/02\/militares-e-autoridades-768x1021.jpg 768w, http:\/\/blogdoarmindomaia.com.br\/wp-content\/uploads\/2025\/02\/militares-e-autoridades-1156x1536.jpg 1156w, http:\/\/blogdoarmindomaia.com.br\/wp-content\/uploads\/2025\/02\/militares-e-autoridades.jpg 1204w\" sizes=\"auto, (max-width: 771px) 100vw, 771px\" \/><\/figure>\n\n\n\n<p>Na noite da \u00faltima quarta-feira, dia 19 de fevereiro, o 37\u00ba Batalh\u00e3o da Pol\u00edcia Militar de Arax\u00e1 comemorou 20 anos de cria\u00e7\u00e3o.&nbsp; Uma solenidade concorrida na sede do Batalh\u00e3o Arax\u00e1 marcou&nbsp; data da instala\u00e7\u00e3o da unidade policial no munic\u00edpio.<\/p>\n\n\n\n<p>O evento foi cercado de atividades e homenagens. Durante a cerim\u00f4nia foram entregues Medalhas de M\u00e9rito Militar, nos graus ouro, prata e bronze e ainda o Trof\u00e9u 37\u00ba BPM e tamb\u00e9m o Certificado Amigos do 37\u00ba BPM. Foram homenageados tamb\u00e9m os ex comandantes da unidade Arax\u00e1, com o Trof\u00e9u 37\u00ba BPM e com a Challenge Coin.<\/p>\n\n\n\n<p>Participaram do evento, o Subchefe do Estado Maior da Pol\u00edcia Militar de Minas Gerais, Coronel PM Claudio Aparecido da Silva, o Comandante da Quinta Regi\u00e3o da Pol\u00edcia Militar, Coronel Rodrigo Wolf Luz, e autoridades civis, empresariais, pol\u00edticas,&nbsp; imprensa e comunidade representativa dos 12 munic\u00edpios que integram o 37\u00ba BPM.<\/p>\n\n\n\n<p>Entre as a\u00e7\u00f5es de comemora\u00e7\u00e3o da noite, destaque para a forma\u00e7\u00e3o da tropa e desfile em contin\u00eancia ao&nbsp; Subchefe do Estado Maior da Pol\u00edcia Militar de Minas Gerais, Coronel PM Claudio Aparecido da Silva.<\/p>\n\n\n\n<p>Em entrevista exclusiva ao Jornal Intera\u00e7\u00e3o, o&nbsp; Comandante do 37\u00ba Batalh\u00e3o de Arax\u00e1, o Tenente Coronel Ademir Fagundes, disse que, \u201c eu me lembro de toda a hist\u00f3ria desses 20 anos do Batalh\u00e3o, pois vive ele na \u00edntegra. Quando a 89\u00aa Companhia Independente de Arax\u00e1 foi elevada \u00e0 Batalh\u00e3o eu era Primeiro Tenente e acompanhei toda essa hist\u00f3ria durante essas duas d\u00e9cadas.\u201d<\/p>\n\n\n\n<p>Fagundes tamb\u00e9m contou que, \u201c o mais de tudo \u00e9 que n\u00f3s estamos presentes levando seguran\u00e7a e tranquilidade \u00e0 popula\u00e7\u00e3o dos 12 munic\u00edpios onde estamos presentes.\u201d&nbsp;&nbsp; &nbsp;&nbsp;&nbsp;&nbsp;&nbsp;&nbsp;&nbsp;&nbsp;&nbsp;&nbsp;&nbsp;&nbsp;&nbsp;&nbsp;&nbsp;&nbsp;&nbsp;&nbsp;&nbsp;&nbsp;&nbsp;<\/p>\n","protected":false},"excerpt":{"rendered":"<p>Na noite da \u00faltima quarta-feira, dia 19 de fevereiro, o 37\u00ba Batalh\u00e3o da Pol\u00edcia Militar de Arax\u00e1 comemorou 20 anos<\/p>\n","protected":false},"author":2,"featured_media":8265,"comment_status":"open","ping_status":"open","sticky":false,"template":"","format":"standard","meta":{"footnotes":""},"categories":[9,11],"tags":[],"class_list":["post-8264","post","type-post","status-publish","format-standard","has-post-thumbnail","hentry","category-araxa","category-destaques"],"_links":{"self":[{"href":"http:\/\/blogdoarmindomaia.com.br\/index.php?rest_route=\/wp\/v2\/posts\/8264","targetHints":{"allow":["GET"]}}],"collection":[{"href":"http:\/\/blogdoarmindomaia.com.br\/index.php?rest_route=\/wp\/v2\/posts"}],"about":[{"href":"http:\/\/blogdoarmindomaia.com.br\/index.php?rest_route=\/wp\/v2\/types\/post"}],"author":[{"embeddable":true,"href":"http:\/\/blogdoarmindomaia.com.br\/index.php?rest_route=\/wp\/v2\/users\/2"}],"replies":[{"embeddable":true,"href":"http:\/\/blogdoarmindomaia.com.br\/index.php?rest_route=%2Fwp%2Fv2%2Fcomments&post=8264"}],"version-history":[{"count":1,"href":"http:\/\/blogdoarmindomaia.com.br\/index.php?rest_route=\/wp\/v2\/posts\/8264\/revisions"}],"predecessor-version":[{"id":8267,"href":"http:\/\/blogdoarmindomaia.com.br\/index.php?rest_route=\/wp\/v2\/posts\/8264\/revisions\/8267"}],"wp:featuredmedia":[{"embeddable":true,"href":"http:\/\/blogdoarmindomaia.com.br\/index.php?rest_route=\/wp\/v2\/media\/8265"}],"wp:attachment":[{"href":"http:\/\/blogdoarmindomaia.com.br\/index.php?rest_route=%2Fwp%2Fv2%2Fmedia&parent=8264"}],"wp:term":[{"taxonomy":"category","embeddable":true,"href":"http:\/\/blogdoarmindomaia.com.br\/index.php?rest_route=%2Fwp%2Fv2%2Fcategories&post=8264"},{"taxonomy":"post_tag","embeddable":true,"href":"http:\/\/blogdoarmindomaia.com.br\/index.php?rest_route=%2Fwp%2Fv2%2Ftags&post=8264"}],"curies":[{"name":"wp","href":"https:\/\/api.w.org\/{rel}","templated":true}]}}