{"id":8268,"date":"2025-02-20T14:22:22","date_gmt":"2025-02-20T17:22:22","guid":{"rendered":"http:\/\/blogdoarmindomaia.com.br\/?p=8268"},"modified":"2025-02-20T14:22:23","modified_gmt":"2025-02-20T17:22:23","slug":"dia-d-de-combate-a-dengue-acontece-neste-sabado","status":"publish","type":"post","link":"http:\/\/blogdoarmindomaia.com.br\/?p=8268","title":{"rendered":"Dia D de Combate \u00e0 Dengue acontece neste s\u00e1bado"},"content":{"rendered":"\n<figure class=\"wp-block-image size-full\"><img loading=\"lazy\" decoding=\"async\" width=\"1024\" height=\"683\" src=\"http:\/\/blogdoarmindomaia.com.br\/wp-content\/uploads\/2025\/02\/Dia-D-de-Combate-a-Dengue-acontece-neste-sabado-pag-08.jpg\" alt=\"\" class=\"wp-image-8269\" srcset=\"http:\/\/blogdoarmindomaia.com.br\/wp-content\/uploads\/2025\/02\/Dia-D-de-Combate-a-Dengue-acontece-neste-sabado-pag-08.jpg 1024w, http:\/\/blogdoarmindomaia.com.br\/wp-content\/uploads\/2025\/02\/Dia-D-de-Combate-a-Dengue-acontece-neste-sabado-pag-08-300x200.jpg 300w, http:\/\/blogdoarmindomaia.com.br\/wp-content\/uploads\/2025\/02\/Dia-D-de-Combate-a-Dengue-acontece-neste-sabado-pag-08-768x512.jpg 768w\" sizes=\"auto, (max-width: 1024px) 100vw, 1024px\" \/><\/figure>\n\n\n\n<p>A Prefeitura de Arax\u00e1 promove o Dia D de Combate \u00e0 Dengue neste pr\u00f3ximo s\u00e1bado (22), com a\u00e7\u00f5es de conscientiza\u00e7\u00e3o e combate ao mosquito Aedes aegypti em toda a cidade. A mobiliza\u00e7\u00e3o acontece das 8h \u00e0s 12h e inclui mutir\u00e3o de limpeza, blitzes educativas e resgate de casas fechadas. O mutir\u00e3o de limpeza ser\u00e1 realizado no bairro Max Neumann, que apresentou o terceiro maior \u00edndice de incid\u00eancia no Levantamento R\u00e1pido de \u00cdndices para Aedes aegypti (LIRAa) e o maior ponto de descarte de itens sem utilidade. Durante a a\u00e7\u00e3o, ser\u00e3o realizadas visitas \u00e0s resid\u00eancias, orienta\u00e7\u00f5es sobre os cuidados preventivos e a coleta dos materiais inserv\u00edveis, com o apoio de dois caminh\u00f5es. Duas blitzes educativas ser\u00e3o realizadas na \u00e1rea Central da cidade, com o objetivo de alertar sobre os riscos da dengue e incentivar a preven\u00e7\u00e3o. Elas ocorrer\u00e3o no cruzamento das avenidas Senador Montandon e Get\u00falio Vargas, al\u00e9m da Av. Ant\u00f4nio Carlos. As a\u00e7\u00f5es incluem a distribui\u00e7\u00e3o de panfletos, faixas informativas e a montagem de um estande informativo no Cal\u00e7ad\u00e3o da Rua Presidente Oleg\u00e1rio Maciel. Outra a\u00e7\u00e3o ser\u00e1 o resgate de casas fechadas. Agentes de Combate \u00e0s Endemias (ACE\u2019s) percorrer\u00e3o bairros de Arax\u00e1 para vistoriar resid\u00eancias que ficam fechadas durante a semana devido \u00e0 aus\u00eancia dos moradores. A mobiliza\u00e7\u00e3o do Dia D \u00e9 uma iniciativa da Secretaria Regional de Sa\u00fade (SRS Uberaba) e acontece em todos os munic\u00edpios da macrorregi\u00e3o.<br><strong><br><br><\/strong><\/p>\n","protected":false},"excerpt":{"rendered":"<p>A Prefeitura de Arax\u00e1 promove o Dia D de Combate \u00e0 Dengue neste pr\u00f3ximo s\u00e1bado (22), com a\u00e7\u00f5es de conscientiza\u00e7\u00e3o<\/p>\n","protected":false},"author":2,"featured_media":8269,"comment_status":"open","ping_status":"open","sticky":false,"template":"","format":"standard","meta":{"footnotes":""},"categories":[9,11],"tags":[],"class_list":["post-8268","post","type-post","status-publish","format-standard","has-post-thumbnail","hentry","category-araxa","category-destaques"],"_links":{"self":[{"href":"http:\/\/blogdoarmindomaia.com.br\/index.php?rest_route=\/wp\/v2\/posts\/8268","targetHints":{"allow":["GET"]}}],"collection":[{"href":"http:\/\/blogdoarmindomaia.com.br\/index.php?rest_route=\/wp\/v2\/posts"}],"about":[{"href":"http:\/\/blogdoarmindomaia.com.br\/index.php?rest_route=\/wp\/v2\/types\/post"}],"author":[{"embeddable":true,"href":"http:\/\/blogdoarmindomaia.com.br\/index.php?rest_route=\/wp\/v2\/users\/2"}],"replies":[{"embeddable":true,"href":"http:\/\/blogdoarmindomaia.com.br\/index.php?rest_route=%2Fwp%2Fv2%2Fcomments&post=8268"}],"version-history":[{"count":1,"href":"http:\/\/blogdoarmindomaia.com.br\/index.php?rest_route=\/wp\/v2\/posts\/8268\/revisions"}],"predecessor-version":[{"id":8270,"href":"http:\/\/blogdoarmindomaia.com.br\/index.php?rest_route=\/wp\/v2\/posts\/8268\/revisions\/8270"}],"wp:featuredmedia":[{"embeddable":true,"href":"http:\/\/blogdoarmindomaia.com.br\/index.php?rest_route=\/wp\/v2\/media\/8269"}],"wp:attachment":[{"href":"http:\/\/blogdoarmindomaia.com.br\/index.php?rest_route=%2Fwp%2Fv2%2Fmedia&parent=8268"}],"wp:term":[{"taxonomy":"category","embeddable":true,"href":"http:\/\/blogdoarmindomaia.com.br\/index.php?rest_route=%2Fwp%2Fv2%2Fcategories&post=8268"},{"taxonomy":"post_tag","embeddable":true,"href":"http:\/\/blogdoarmindomaia.com.br\/index.php?rest_route=%2Fwp%2Fv2%2Ftags&post=8268"}],"curies":[{"name":"wp","href":"https:\/\/api.w.org\/{rel}","templated":true}]}}