{"id":8271,"date":"2025-02-26T15:58:01","date_gmt":"2025-02-26T18:58:01","guid":{"rendered":"http:\/\/blogdoarmindomaia.com.br\/?p=8271"},"modified":"2025-02-26T15:58:03","modified_gmt":"2025-02-26T18:58:03","slug":"araxa-na-folia-2025-tera-dois-dias-de-festa-com-blocos-e-shows-gratuitos","status":"publish","type":"post","link":"http:\/\/blogdoarmindomaia.com.br\/?p=8271","title":{"rendered":"Arax\u00e1 na Folia 2025 ter\u00e1 dois dias de festa com blocos e shows gratuitos"},"content":{"rendered":"\n<figure class=\"wp-block-image size-full\"><img loading=\"lazy\" decoding=\"async\" width=\"800\" height=\"600\" src=\"http:\/\/blogdoarmindomaia.com.br\/wp-content\/uploads\/2025\/02\/carnaval-2_800x0.jpeg\" alt=\"\" class=\"wp-image-8272\" srcset=\"http:\/\/blogdoarmindomaia.com.br\/wp-content\/uploads\/2025\/02\/carnaval-2_800x0.jpeg 800w, http:\/\/blogdoarmindomaia.com.br\/wp-content\/uploads\/2025\/02\/carnaval-2_800x0-300x225.jpeg 300w, http:\/\/blogdoarmindomaia.com.br\/wp-content\/uploads\/2025\/02\/carnaval-2_800x0-768x576.jpeg 768w\" sizes=\"auto, (max-width: 800px) 100vw, 800px\" \/><\/figure>\n\n\n\n<p>O Carnaval vai agitar a terra de Dona Beja! Nos dias 2 e 3 de mar\u00e7o, o Arax\u00e1 na Folia 2025 promete muita m\u00fasica, tradi\u00e7\u00e3o e alegria. Realizado no estacionamento do Est\u00e1dio Municipal Fausto Alvim, o evento contar\u00e1 com apresenta\u00e7\u00f5es de blocos carnavalescos, shows gratuitos e uma ampla pra\u00e7a de alimenta\u00e7\u00e3o, garantindo divers\u00e3o para toda a fam\u00edlia. A festa \u00e9 promovida pela Associa\u00e7\u00e3o de Moradores e Amigos dos Bairros Adhemar Rodrigues Vale, Andreia, \u00c1rea III e Est\u00e2ncia (AMVEA), com apoio da Prefeitura de Arax\u00e1 e da Funda\u00e7\u00e3o Cultural Calmon Barreto (FCCB). A programa\u00e7\u00e3o come\u00e7a \u00e0s 12h, com a abertura da pra\u00e7a de alimenta\u00e7\u00e3o, que ser\u00e1 composta por food trucks e barracas aprovadas no chamamento p\u00fablico realizado. \u00c0s 15h, os blocos se concentram na Rua Paul Harris e seguem at\u00e9 a lateral do estacionamento do est\u00e1dio.<br>\u00c0 noite, a festa continua com som mec\u00e2nico das 19h \u00e0s 20h e shows ao vivo das 20h \u00e0s 23h. No domingo, o cantor Liim Zaab anima o p\u00fablico, e na segunda-feira, \u00e9 a vez do grupo Quintal O Samba \u00c9 Nosso. A presidente da FCCB, Cynthia Ver\u00e7osa, destaca a realiza\u00e7\u00e3o do evento. \u201cO Arax\u00e1 na Folia conta com o apoio log\u00edstico de v\u00e1rias secretarias da administra\u00e7\u00e3o municipal, garantindo a estrutura e a manuten\u00e7\u00e3o do ambiente. Al\u00e9m disso, foi repassado aos organizadores, por meio de termo de fomento, o valor R$ 89.640,00, refor\u00e7ando nosso compromisso de apoiar esta festa, que \u00e9 uma tradi\u00e7\u00e3o popular\u201d, afirma. Na estrutura, o evento contar\u00e1 com gradis e apoio das for\u00e7as de seguran\u00e7a, incluindo Pol\u00edcia Militar, Guarda Patrimonial e Corpo de Bombeiros. Al\u00e9m disso, haver\u00e1 detec\u00e7\u00e3o de metais na entrada, banheiros qu\u00edmicos e distribui\u00e7\u00e3o de preservativos pelo Centro de Testagem e Aconselhamento de Arax\u00e1 (CTA). Al\u00e9m do Arax\u00e1 na Folia, a Prefeitura de Arax\u00e1 tamb\u00e9m oferecer\u00e1 apoio log\u00edstico ao bloco Filhos de Beja, que acontecer\u00e1 no Complexo do Barreiro.<\/p>\n","protected":false},"excerpt":{"rendered":"<p>O Carnaval vai agitar a terra de Dona Beja! Nos dias 2 e 3 de mar\u00e7o, o Arax\u00e1 na Folia<\/p>\n","protected":false},"author":2,"featured_media":8272,"comment_status":"open","ping_status":"open","sticky":false,"template":"","format":"standard","meta":{"footnotes":""},"categories":[9,5,11],"tags":[],"class_list":["post-8271","post","type-post","status-publish","format-standard","has-post-thumbnail","hentry","category-araxa","category-arte-e-cultura","category-destaques"],"_links":{"self":[{"href":"http:\/\/blogdoarmindomaia.com.br\/index.php?rest_route=\/wp\/v2\/posts\/8271","targetHints":{"allow":["GET"]}}],"collection":[{"href":"http:\/\/blogdoarmindomaia.com.br\/index.php?rest_route=\/wp\/v2\/posts"}],"about":[{"href":"http:\/\/blogdoarmindomaia.com.br\/index.php?rest_route=\/wp\/v2\/types\/post"}],"author":[{"embeddable":true,"href":"http:\/\/blogdoarmindomaia.com.br\/index.php?rest_route=\/wp\/v2\/users\/2"}],"replies":[{"embeddable":true,"href":"http:\/\/blogdoarmindomaia.com.br\/index.php?rest_route=%2Fwp%2Fv2%2Fcomments&post=8271"}],"version-history":[{"count":1,"href":"http:\/\/blogdoarmindomaia.com.br\/index.php?rest_route=\/wp\/v2\/posts\/8271\/revisions"}],"predecessor-version":[{"id":8273,"href":"http:\/\/blogdoarmindomaia.com.br\/index.php?rest_route=\/wp\/v2\/posts\/8271\/revisions\/8273"}],"wp:featuredmedia":[{"embeddable":true,"href":"http:\/\/blogdoarmindomaia.com.br\/index.php?rest_route=\/wp\/v2\/media\/8272"}],"wp:attachment":[{"href":"http:\/\/blogdoarmindomaia.com.br\/index.php?rest_route=%2Fwp%2Fv2%2Fmedia&parent=8271"}],"wp:term":[{"taxonomy":"category","embeddable":true,"href":"http:\/\/blogdoarmindomaia.com.br\/index.php?rest_route=%2Fwp%2Fv2%2Fcategories&post=8271"},{"taxonomy":"post_tag","embeddable":true,"href":"http:\/\/blogdoarmindomaia.com.br\/index.php?rest_route=%2Fwp%2Fv2%2Ftags&post=8271"}],"curies":[{"name":"wp","href":"https:\/\/api.w.org\/{rel}","templated":true}]}}