{"id":8274,"date":"2025-02-26T16:01:06","date_gmt":"2025-02-26T19:01:06","guid":{"rendered":"http:\/\/blogdoarmindomaia.com.br\/?p=8274"},"modified":"2025-02-26T16:01:08","modified_gmt":"2025-02-26T19:01:08","slug":"empossada-a-nova-diretoria-do-clube-araxa","status":"publish","type":"post","link":"http:\/\/blogdoarmindomaia.com.br\/?p=8274","title":{"rendered":"Empossada a nova diretoria do Clube Arax\u00e1"},"content":{"rendered":"\n<p><\/p>\n\n\n\n<p><\/p>\n\n\n\n<figure class=\"wp-block-image size-large\"><img loading=\"lazy\" decoding=\"async\" width=\"1024\" height=\"682\" src=\"http:\/\/blogdoarmindomaia.com.br\/wp-content\/uploads\/2025\/02\/Empossada-a-nova-diretoria-do-Clube-Araxa-pag-09-1024x682.jpg\" alt=\"\" class=\"wp-image-8275\" srcset=\"http:\/\/blogdoarmindomaia.com.br\/wp-content\/uploads\/2025\/02\/Empossada-a-nova-diretoria-do-Clube-Araxa-pag-09-1024x682.jpg 1024w, http:\/\/blogdoarmindomaia.com.br\/wp-content\/uploads\/2025\/02\/Empossada-a-nova-diretoria-do-Clube-Araxa-pag-09-300x200.jpg 300w, http:\/\/blogdoarmindomaia.com.br\/wp-content\/uploads\/2025\/02\/Empossada-a-nova-diretoria-do-Clube-Araxa-pag-09-768x512.jpg 768w, http:\/\/blogdoarmindomaia.com.br\/wp-content\/uploads\/2025\/02\/Empossada-a-nova-diretoria-do-Clube-Araxa-pag-09-1536x1023.jpg 1536w, http:\/\/blogdoarmindomaia.com.br\/wp-content\/uploads\/2025\/02\/Empossada-a-nova-diretoria-do-Clube-Araxa-pag-09.jpg 1600w\" sizes=\"auto, (max-width: 1024px) 100vw, 1024px\" \/><\/figure>\n\n\n\n<p>Empossada na noite do \u00faltimo dia\u00a0 10 de fevereiro, a nova diretoria executiva do Clube Arax\u00e1, para o bi\u00eanio 2025\/2026. O evento aconteceu na boate do clube e contou com a presen\u00e7a de diretores, conselheiros, familiares e convidados. O novo presidente Vin\u00edcius de Ara\u00fajo Rodrigues assume o cargo no lugar o ex-presidente Marcelo Duarte. Tamb\u00e9m foram empossados, o vice Jos\u00e9 Adriano Barbosa, o primeiro secret\u00e1rio Claudinei Henrique Alves, o primeiro tesoureiro Astolfo Rodrigues de Paiva Neto, o segundo secret\u00e1rio Frederico Albano Pereira Carneiro, o diretor de esportes Alexandre de Oliveira Cobos e o diretor social Iran Teixeira Bastos. \u00a0\u00a0<\/p>\n","protected":false},"excerpt":{"rendered":"<p>Empossada na noite do \u00faltimo dia\u00a0 10 de fevereiro, a nova diretoria executiva do Clube Arax\u00e1, para o bi\u00eanio 2025\/2026.<\/p>\n","protected":false},"author":2,"featured_media":8275,"comment_status":"open","ping_status":"open","sticky":false,"template":"","format":"standard","meta":{"footnotes":""},"categories":[9,11],"tags":[],"class_list":["post-8274","post","type-post","status-publish","format-standard","has-post-thumbnail","hentry","category-araxa","category-destaques"],"_links":{"self":[{"href":"http:\/\/blogdoarmindomaia.com.br\/index.php?rest_route=\/wp\/v2\/posts\/8274","targetHints":{"allow":["GET"]}}],"collection":[{"href":"http:\/\/blogdoarmindomaia.com.br\/index.php?rest_route=\/wp\/v2\/posts"}],"about":[{"href":"http:\/\/blogdoarmindomaia.com.br\/index.php?rest_route=\/wp\/v2\/types\/post"}],"author":[{"embeddable":true,"href":"http:\/\/blogdoarmindomaia.com.br\/index.php?rest_route=\/wp\/v2\/users\/2"}],"replies":[{"embeddable":true,"href":"http:\/\/blogdoarmindomaia.com.br\/index.php?rest_route=%2Fwp%2Fv2%2Fcomments&post=8274"}],"version-history":[{"count":1,"href":"http:\/\/blogdoarmindomaia.com.br\/index.php?rest_route=\/wp\/v2\/posts\/8274\/revisions"}],"predecessor-version":[{"id":8276,"href":"http:\/\/blogdoarmindomaia.com.br\/index.php?rest_route=\/wp\/v2\/posts\/8274\/revisions\/8276"}],"wp:featuredmedia":[{"embeddable":true,"href":"http:\/\/blogdoarmindomaia.com.br\/index.php?rest_route=\/wp\/v2\/media\/8275"}],"wp:attachment":[{"href":"http:\/\/blogdoarmindomaia.com.br\/index.php?rest_route=%2Fwp%2Fv2%2Fmedia&parent=8274"}],"wp:term":[{"taxonomy":"category","embeddable":true,"href":"http:\/\/blogdoarmindomaia.com.br\/index.php?rest_route=%2Fwp%2Fv2%2Fcategories&post=8274"},{"taxonomy":"post_tag","embeddable":true,"href":"http:\/\/blogdoarmindomaia.com.br\/index.php?rest_route=%2Fwp%2Fv2%2Ftags&post=8274"}],"curies":[{"name":"wp","href":"https:\/\/api.w.org\/{rel}","templated":true}]}}