{"id":829,"date":"2022-05-12T23:58:42","date_gmt":"2022-05-13T02:58:42","guid":{"rendered":"http:\/\/blogdoarmindomaia.com.br\/?p=829"},"modified":"2022-05-12T23:58:44","modified_gmt":"2022-05-13T02:58:44","slug":"inscricoes-seguem-abertas-para-oficina-sons-de-bio-ritmica-no-projeto-tri-ciclo","status":"publish","type":"post","link":"http:\/\/blogdoarmindomaia.com.br\/?p=829","title":{"rendered":"Inscri\u00e7\u00f5es seguem abertas para oficina Sons de Bio R\u00edtmica no projeto Tri Ciclo"},"content":{"rendered":"\n<figure class=\"wp-block-image size-full is-style-default\"><img loading=\"lazy\" decoding=\"async\" width=\"720\" height=\"720\" src=\"http:\/\/blogdoarmindomaia.com.br\/wp-content\/uploads\/2022\/05\/trciclo-1Banner_02.jpg\" alt=\"\" class=\"wp-image-833\" srcset=\"http:\/\/blogdoarmindomaia.com.br\/wp-content\/uploads\/2022\/05\/trciclo-1Banner_02.jpg 720w, http:\/\/blogdoarmindomaia.com.br\/wp-content\/uploads\/2022\/05\/trciclo-1Banner_02-300x300.jpg 300w, http:\/\/blogdoarmindomaia.com.br\/wp-content\/uploads\/2022\/05\/trciclo-1Banner_02-150x150.jpg 150w\" sizes=\"auto, (max-width: 720px) 100vw, 720px\" \/><\/figure>\n\n\n\n<p><em>Participantes precisam confirmar presen\u00e7a enviando e-mail at\u00e9 dia 15 de maio<\/em><\/p>\n\n\n\n<p>J\u00e1 pensou em ter uma experi\u00eancia diferente de produzir uma onda r\u00edtmica atrav\u00e9s de um instrumento de percuss\u00e3o? Se sim est\u00e1 lendo o texto certo. Essa \u00e9 a proposta da oficina que contempla a programa\u00e7\u00e3o da 10\u00aa edi\u00e7\u00e3o do projeto TRI CICLO Espet\u00e1culos nos dias 19 e 20 de maio em Arax\u00e1|MG. Quem ministra a oficina \u00e9 Carlos Tampa que tem, entre outras fun\u00e7\u00f5es, a profiss\u00e3o de maquinista c\u00eanico, m\u00fasico e cancioneiro popular.<\/p>\n\n\n\n<p>Para participar \u00e9 simples, envie um e-mail para <a href=\"mailto:janaina@tricicloespetaculos.com.br\">janaina@tricicloespetaculos.com.br<\/a> com as seguintes informa\u00e7\u00f5es:<\/p>\n\n\n\n<p>NOME COMPLETO<\/p>\n\n\n\n<p>TELEFONE<\/p>\n\n\n\n<p>E-MAIL<\/p>\n\n\n\n<p>ESCOLA OU INSTITUI\u00c7\u00c3O QUE TRABALHA<\/p>\n\n\n\n<p>Ap\u00f3s enviar o e-mail com os dados voc\u00ea receber\u00e1 a confirma\u00e7\u00e3o da inscri\u00e7\u00e3o. Ser\u00e3o duas turmas com 30 pessoas cada, uma quinta-feira (19 de maio) e outra na sexta-feira (20 de maio), ambas das 19h \u00e0s 21h, no Coreto da Pra\u00e7a Arthur Bernardes, no Centro de Arax\u00e1.<\/p>\n\n\n\n<p>O prazo para se inscrever foi prorrogado e segue at\u00e9 dia 15 de maio, pr\u00f3ximo domingo. A primeira d\u00e9cada do projeto TRI CICLO Espet\u00e1culos \u00e9 realizada pela Lei de incentivo \u00e0 Cultura, Minist\u00e9rio do Turismo, Secretaria Especial de Cultura, patroc\u00ednios da CBMM (Companhia Brasileira de Metalurgia e Minera\u00e7\u00e3o) e Bem Brasil Alimentos \u2013 Pronac 202593.<\/p>\n\n\n\n<p>No cronograma de atividades, que acontece por duas semanas, tem ainda:<\/p>\n\n\n\n<p>16 a 21 de maio \u2013 Teatro \u201cNa Roda\u201d nas escolas e institui\u00e7\u00f5es com Grupo Maria Cutia;<\/p>\n\n\n\n<p>21 de maio \u2013 Teatro Circense \u201cMe Deixe Ir, Preciso Andar\u201d no Coreto da Pra\u00e7a Arthur Bernardes com Mayron Engel;<\/p>\n\n\n\n<p>28 de maio \u2013 M\u00fasica no show \u201cBorogod\u00f3\u201d com grupo Chama Chuva no Coreto da Pra\u00e7a Arthur Bernardes;<\/p>\n\n\n\n<p>29 de maio \u2013 Circo na \u201cVers\u00e3o Brasileira\u201d da Cia. Los Circo Los no Teatro Municipal Maximiliano Rocha.<\/p>\n\n\n\n<p><strong>Servi\u00e7o<\/strong><\/p>\n\n\n\n<p>10\u00ba Tri Ciclo Espet\u00e1culos<\/p>\n\n\n\n<p>Oficinas Bio R\u00edtmica: 19 e 20 de maio de 2022<\/p>\n\n\n\n<p>Local: Coreto da Pra\u00e7a Arthur Bernardes, Centro, Arax\u00e1.MG<\/p>\n\n\n\n<p>Patroc\u00ednio: CBMM (Companhia Brasileira de Metalurgia e Minera\u00e7\u00e3o) e Bem Brasil Alimentos<\/p>\n\n\n\n<p>Realiza\u00e7\u00e3o: Tri Ciclo Produ\u00e7\u00f5es<\/p>\n\n\n\n<p>Assessoria de Comunica\u00e7\u00e3o |Tri Ciclo Espet\u00e1culos<\/p>\n","protected":false},"excerpt":{"rendered":"<p>Participantes precisam confirmar presen\u00e7a enviando e-mail at\u00e9 dia 15 de maio J\u00e1 pensou em ter uma experi\u00eancia diferente de produzir<\/p>\n","protected":false},"author":2,"featured_media":833,"comment_status":"open","ping_status":"open","sticky":false,"template":"","format":"standard","meta":{"footnotes":""},"categories":[9,5],"tags":[],"class_list":["post-829","post","type-post","status-publish","format-standard","has-post-thumbnail","hentry","category-araxa","category-arte-e-cultura"],"_links":{"self":[{"href":"http:\/\/blogdoarmindomaia.com.br\/index.php?rest_route=\/wp\/v2\/posts\/829","targetHints":{"allow":["GET"]}}],"collection":[{"href":"http:\/\/blogdoarmindomaia.com.br\/index.php?rest_route=\/wp\/v2\/posts"}],"about":[{"href":"http:\/\/blogdoarmindomaia.com.br\/index.php?rest_route=\/wp\/v2\/types\/post"}],"author":[{"embeddable":true,"href":"http:\/\/blogdoarmindomaia.com.br\/index.php?rest_route=\/wp\/v2\/users\/2"}],"replies":[{"embeddable":true,"href":"http:\/\/blogdoarmindomaia.com.br\/index.php?rest_route=%2Fwp%2Fv2%2Fcomments&post=829"}],"version-history":[{"count":1,"href":"http:\/\/blogdoarmindomaia.com.br\/index.php?rest_route=\/wp\/v2\/posts\/829\/revisions"}],"predecessor-version":[{"id":834,"href":"http:\/\/blogdoarmindomaia.com.br\/index.php?rest_route=\/wp\/v2\/posts\/829\/revisions\/834"}],"wp:featuredmedia":[{"embeddable":true,"href":"http:\/\/blogdoarmindomaia.com.br\/index.php?rest_route=\/wp\/v2\/media\/833"}],"wp:attachment":[{"href":"http:\/\/blogdoarmindomaia.com.br\/index.php?rest_route=%2Fwp%2Fv2%2Fmedia&parent=829"}],"wp:term":[{"taxonomy":"category","embeddable":true,"href":"http:\/\/blogdoarmindomaia.com.br\/index.php?rest_route=%2Fwp%2Fv2%2Fcategories&post=829"},{"taxonomy":"post_tag","embeddable":true,"href":"http:\/\/blogdoarmindomaia.com.br\/index.php?rest_route=%2Fwp%2Fv2%2Ftags&post=829"}],"curies":[{"name":"wp","href":"https:\/\/api.w.org\/{rel}","templated":true}]}}