{"id":8296,"date":"2025-03-06T15:01:17","date_gmt":"2025-03-06T18:01:17","guid":{"rendered":"http:\/\/blogdoarmindomaia.com.br\/?p=8296"},"modified":"2025-03-06T15:01:18","modified_gmt":"2025-03-06T18:01:18","slug":"atletico-e-america-comecam-a-decidir-o-mineiro-neste-sabado","status":"publish","type":"post","link":"http:\/\/blogdoarmindomaia.com.br\/?p=8296","title":{"rendered":"Atl\u00e9tico e Am\u00e9rica come\u00e7am a decidir o Mineiro neste s\u00e1bado"},"content":{"rendered":"\n<figure class=\"wp-block-image size-full\"><img loading=\"lazy\" decoding=\"async\" width=\"801\" height=\"535\" src=\"http:\/\/blogdoarmindomaia.com.br\/wp-content\/uploads\/2025\/03\/Atletico-e-America-comecam-a-decidir-o-Mineiro-neste-sabado-esportes.jpg\" alt=\"\" class=\"wp-image-8297\" srcset=\"http:\/\/blogdoarmindomaia.com.br\/wp-content\/uploads\/2025\/03\/Atletico-e-America-comecam-a-decidir-o-Mineiro-neste-sabado-esportes.jpg 801w, http:\/\/blogdoarmindomaia.com.br\/wp-content\/uploads\/2025\/03\/Atletico-e-America-comecam-a-decidir-o-Mineiro-neste-sabado-esportes-300x200.jpg 300w, http:\/\/blogdoarmindomaia.com.br\/wp-content\/uploads\/2025\/03\/Atletico-e-America-comecam-a-decidir-o-Mineiro-neste-sabado-esportes-768x513.jpg 768w\" sizes=\"auto, (max-width: 801px) 100vw, 801px\" \/><\/figure>\n\n\n\n<p><a href=\"https:\/\/www.itatiaia.com.br\/esportes\/futebol\/atletico\">Atl\u00e9tico&nbsp;<\/a>e&nbsp;<a href=\"https:\/\/www.itatiaia.com.br\/esportes\/futebol\/america\">Am\u00e9rica&nbsp;<\/a>come\u00e7am, neste s\u00e1bado (8), a disputa da final do&nbsp;<a href=\"https:\/\/www.itatiaia.com.br\/esportes\/futebol\/campeonato-mineiro\">Campeonato Mineiro<\/a>&nbsp;2025. As equipes se enfrentam \u00e0s 16h30 (de Bras\u00edlia) no Mineir\u00e3o, em Belo Horizonte, com mando de campo atleticano e mais um \u201crepeteco\u201d das finais do Coelho no estadual. Desde o come\u00e7o do s\u00e9culo, o Am\u00e9rica chegou a seis finais da competi\u00e7\u00e3o, considerando a atual temporada. Todas as decis\u00f5es foram contra o Atl\u00e9tico, sendo tr\u00eas vit\u00f3rias do Galo e duas do Coelho. Em 2025, a equipe americana quer n\u00e3o s\u00f3 empatar essa disputa, mas tamb\u00e9m voltar a levantar o trof\u00e9u estadual ap\u00f3s nove anos. Curiosamente, essa ser\u00e1 a nona vez seguida em que o Am\u00e9rica ter\u00e1 o Atl\u00e9tico como rival na decis\u00e3o. A \u00faltima apari\u00e7\u00e3o americana na final, mas contra outro advers\u00e1rio, foi em 1992, quando a equipe foi superada pelo Cruzeiro. Desde a profissionaliza\u00e7\u00e3o do Campeonato Mineiro, em 1933, Atl\u00e9tico e Am\u00e9rica se enfrentaram na final em 12 oportunidades. O Coelho foi campe\u00e3o quatro vezes, enquanto o Galo levou a melhor em oito decis\u00f5es.<\/p>\n","protected":false},"excerpt":{"rendered":"<p>Atl\u00e9tico&nbsp;e&nbsp;Am\u00e9rica&nbsp;come\u00e7am, neste s\u00e1bado (8), a disputa da final do&nbsp;Campeonato Mineiro&nbsp;2025. As equipes se enfrentam \u00e0s 16h30 (de Bras\u00edlia) no Mineir\u00e3o,<\/p>\n","protected":false},"author":2,"featured_media":8297,"comment_status":"open","ping_status":"open","sticky":false,"template":"","format":"standard","meta":{"footnotes":""},"categories":[9,11],"tags":[],"class_list":["post-8296","post","type-post","status-publish","format-standard","has-post-thumbnail","hentry","category-araxa","category-destaques"],"_links":{"self":[{"href":"http:\/\/blogdoarmindomaia.com.br\/index.php?rest_route=\/wp\/v2\/posts\/8296","targetHints":{"allow":["GET"]}}],"collection":[{"href":"http:\/\/blogdoarmindomaia.com.br\/index.php?rest_route=\/wp\/v2\/posts"}],"about":[{"href":"http:\/\/blogdoarmindomaia.com.br\/index.php?rest_route=\/wp\/v2\/types\/post"}],"author":[{"embeddable":true,"href":"http:\/\/blogdoarmindomaia.com.br\/index.php?rest_route=\/wp\/v2\/users\/2"}],"replies":[{"embeddable":true,"href":"http:\/\/blogdoarmindomaia.com.br\/index.php?rest_route=%2Fwp%2Fv2%2Fcomments&post=8296"}],"version-history":[{"count":1,"href":"http:\/\/blogdoarmindomaia.com.br\/index.php?rest_route=\/wp\/v2\/posts\/8296\/revisions"}],"predecessor-version":[{"id":8298,"href":"http:\/\/blogdoarmindomaia.com.br\/index.php?rest_route=\/wp\/v2\/posts\/8296\/revisions\/8298"}],"wp:featuredmedia":[{"embeddable":true,"href":"http:\/\/blogdoarmindomaia.com.br\/index.php?rest_route=\/wp\/v2\/media\/8297"}],"wp:attachment":[{"href":"http:\/\/blogdoarmindomaia.com.br\/index.php?rest_route=%2Fwp%2Fv2%2Fmedia&parent=8296"}],"wp:term":[{"taxonomy":"category","embeddable":true,"href":"http:\/\/blogdoarmindomaia.com.br\/index.php?rest_route=%2Fwp%2Fv2%2Fcategories&post=8296"},{"taxonomy":"post_tag","embeddable":true,"href":"http:\/\/blogdoarmindomaia.com.br\/index.php?rest_route=%2Fwp%2Fv2%2Ftags&post=8296"}],"curies":[{"name":"wp","href":"https:\/\/api.w.org\/{rel}","templated":true}]}}