{"id":8307,"date":"2025-03-19T14:31:37","date_gmt":"2025-03-19T17:31:37","guid":{"rendered":"http:\/\/blogdoarmindomaia.com.br\/?p=8307"},"modified":"2025-03-19T14:31:38","modified_gmt":"2025-03-19T17:31:38","slug":"medalha-leonilda-montandon-2025-sera-entregue-no-dia-27-de-marco","status":"publish","type":"post","link":"http:\/\/blogdoarmindomaia.com.br\/?p=8307","title":{"rendered":"Medalha Leonilda Montandon 2025 ser\u00e1 entregue no dia 27 de mar\u00e7o"},"content":{"rendered":"\n<p><\/p>\n\n\n\n<figure class=\"wp-block-image size-full\"><img loading=\"lazy\" decoding=\"async\" width=\"512\" height=\"288\" src=\"http:\/\/blogdoarmindomaia.com.br\/wp-content\/uploads\/2025\/03\/Medalha-Leonilda-Montandon-2025-sera-entregue-no-dia-25-de-marco-pag-06.jpg\" alt=\"\" class=\"wp-image-8308\" srcset=\"http:\/\/blogdoarmindomaia.com.br\/wp-content\/uploads\/2025\/03\/Medalha-Leonilda-Montandon-2025-sera-entregue-no-dia-25-de-marco-pag-06.jpg 512w, http:\/\/blogdoarmindomaia.com.br\/wp-content\/uploads\/2025\/03\/Medalha-Leonilda-Montandon-2025-sera-entregue-no-dia-25-de-marco-pag-06-300x169.jpg 300w\" sizes=\"auto, (max-width: 512px) 100vw, 512px\" \/><\/figure>\n\n\n\n<p>A C\u00e2mara Municipal de Arax\u00e1 ir\u00e1 realizar no dia 27 de mar\u00e7o (quinta-feira), no Centro Cultural Uniarax\u00e1 \u2013 Teatro CBMM, Reuni\u00e3o Solene de Outorga da Medalha Leonilda Montandon 2025. A honraria \u00e9 concedida a mulheres que se destacaram na sociedade por seu trabalho educacional, empresarial, social, filantr\u00f3pico, cultural ou art\u00edstico. A outorga \u00e9 alusiva \u00e0 comemora\u00e7\u00e3o do Dia Internacional da Mulher.&nbsp;A homenagem foi criada em 1998 pela ex-vereadora Rosa Helena Vila\u00e7a de Abreu e a inspira\u00e7\u00e3o vem da figura da Professora Leonilda Montandon Scarpellini, que dedicou sua vida \u00e0 educa\u00e7\u00e3o com enorme coragem, determina\u00e7\u00e3o e profissionalismo.Dona Leonilda tamb\u00e9m foi escritora e publicou v\u00e1rios livros did\u00e1ticos, participou de movimentos assistenciais e religiosos e foi membro efetivo da Academia Araxaense de Letras.&nbsp;Durante a cerim\u00f4nia, a C\u00e2mara da Mulher Empreendedora da ACIA tamb\u00e9m entregar\u00e1 o trof\u00e9u Dona Carlota de Melo.<\/p>\n\n\n\n<p>Confira a lista das homenageadas:<\/p>\n\n\n\n<figure class=\"wp-block-image size-large\"><img loading=\"lazy\" decoding=\"async\" width=\"1024\" height=\"739\" src=\"http:\/\/blogdoarmindomaia.com.br\/wp-content\/uploads\/2025\/03\/Relacao-das-homenageadas-1024x739.jpeg\" alt=\"\" class=\"wp-image-8309\" srcset=\"http:\/\/blogdoarmindomaia.com.br\/wp-content\/uploads\/2025\/03\/Relacao-das-homenageadas-1024x739.jpeg 1024w, http:\/\/blogdoarmindomaia.com.br\/wp-content\/uploads\/2025\/03\/Relacao-das-homenageadas-300x217.jpeg 300w, http:\/\/blogdoarmindomaia.com.br\/wp-content\/uploads\/2025\/03\/Relacao-das-homenageadas-768x554.jpeg 768w, http:\/\/blogdoarmindomaia.com.br\/wp-content\/uploads\/2025\/03\/Relacao-das-homenageadas-1536x1109.jpeg 1536w, http:\/\/blogdoarmindomaia.com.br\/wp-content\/uploads\/2025\/03\/Relacao-das-homenageadas.jpeg 1865w\" sizes=\"auto, (max-width: 1024px) 100vw, 1024px\" \/><\/figure>\n","protected":false},"excerpt":{"rendered":"<p>A C\u00e2mara Municipal de Arax\u00e1 ir\u00e1 realizar no dia 27 de mar\u00e7o (quinta-feira), no Centro Cultural Uniarax\u00e1 \u2013 Teatro CBMM,<\/p>\n","protected":false},"author":2,"featured_media":8308,"comment_status":"open","ping_status":"open","sticky":false,"template":"","format":"standard","meta":{"footnotes":""},"categories":[9,11],"tags":[],"class_list":["post-8307","post","type-post","status-publish","format-standard","has-post-thumbnail","hentry","category-araxa","category-destaques"],"_links":{"self":[{"href":"http:\/\/blogdoarmindomaia.com.br\/index.php?rest_route=\/wp\/v2\/posts\/8307","targetHints":{"allow":["GET"]}}],"collection":[{"href":"http:\/\/blogdoarmindomaia.com.br\/index.php?rest_route=\/wp\/v2\/posts"}],"about":[{"href":"http:\/\/blogdoarmindomaia.com.br\/index.php?rest_route=\/wp\/v2\/types\/post"}],"author":[{"embeddable":true,"href":"http:\/\/blogdoarmindomaia.com.br\/index.php?rest_route=\/wp\/v2\/users\/2"}],"replies":[{"embeddable":true,"href":"http:\/\/blogdoarmindomaia.com.br\/index.php?rest_route=%2Fwp%2Fv2%2Fcomments&post=8307"}],"version-history":[{"count":1,"href":"http:\/\/blogdoarmindomaia.com.br\/index.php?rest_route=\/wp\/v2\/posts\/8307\/revisions"}],"predecessor-version":[{"id":8310,"href":"http:\/\/blogdoarmindomaia.com.br\/index.php?rest_route=\/wp\/v2\/posts\/8307\/revisions\/8310"}],"wp:featuredmedia":[{"embeddable":true,"href":"http:\/\/blogdoarmindomaia.com.br\/index.php?rest_route=\/wp\/v2\/media\/8308"}],"wp:attachment":[{"href":"http:\/\/blogdoarmindomaia.com.br\/index.php?rest_route=%2Fwp%2Fv2%2Fmedia&parent=8307"}],"wp:term":[{"taxonomy":"category","embeddable":true,"href":"http:\/\/blogdoarmindomaia.com.br\/index.php?rest_route=%2Fwp%2Fv2%2Fcategories&post=8307"},{"taxonomy":"post_tag","embeddable":true,"href":"http:\/\/blogdoarmindomaia.com.br\/index.php?rest_route=%2Fwp%2Fv2%2Ftags&post=8307"}],"curies":[{"name":"wp","href":"https:\/\/api.w.org\/{rel}","templated":true}]}}