{"id":8311,"date":"2025-03-19T14:34:55","date_gmt":"2025-03-19T17:34:55","guid":{"rendered":"http:\/\/blogdoarmindomaia.com.br\/?p=8311"},"modified":"2025-03-19T14:34:56","modified_gmt":"2025-03-19T17:34:56","slug":"araxa-abre-licitacao-para-construcao-da-sede-propria-do-samu","status":"publish","type":"post","link":"http:\/\/blogdoarmindomaia.com.br\/?p=8311","title":{"rendered":"Arax\u00e1 abre licita\u00e7\u00e3o para constru\u00e7\u00e3o da sede pr\u00f3pria do SAMU"},"content":{"rendered":"\n<p><\/p>\n\n\n\n<figure class=\"wp-block-image size-full\"><img loading=\"lazy\" decoding=\"async\" width=\"710\" height=\"440\" src=\"http:\/\/blogdoarmindomaia.com.br\/wp-content\/uploads\/2025\/03\/Araxa-abre-licitacao-para-construcao-da-sede-propria-do-SAMU-pag-08.jpg\" alt=\"\" class=\"wp-image-8312\" srcset=\"http:\/\/blogdoarmindomaia.com.br\/wp-content\/uploads\/2025\/03\/Araxa-abre-licitacao-para-construcao-da-sede-propria-do-SAMU-pag-08.jpg 710w, http:\/\/blogdoarmindomaia.com.br\/wp-content\/uploads\/2025\/03\/Araxa-abre-licitacao-para-construcao-da-sede-propria-do-SAMU-pag-08-300x186.jpg 300w\" sizes=\"auto, (max-width: 710px) 100vw, 710px\" \/><\/figure>\n\n\n\n<p>A Prefeitura de Arax\u00e1 deu um passo importante para melhorar o atendimento de urg\u00eancia e emerg\u00eancia na cidade. Foi aberto o processo licitat\u00f3rio para a adequa\u00e7\u00e3o do espa\u00e7o onde vai funcionar a sede do Servi\u00e7o de Atendimento M\u00f3vel de Urg\u00eancia (SAMU), garantindo mais estrutura e efici\u00eancia no socorro \u00e0 popula\u00e7\u00e3o. O espa\u00e7o ir\u00e1 funcionar anexo ao Corpo de Bombeiros da cidade, em terreno cedido pela Corpora\u00e7\u00e3o. \u00a0O \u00a0valor previsto para a obra \u00e9 de R$ 400.297,79. O processo ser\u00e1 conduzido por meio de uma Concorr\u00eancia Eletr\u00f4nica, com julgamento pelo crit\u00e9rio de Menor Pre\u00e7o Global. Empresas especializadas podem participar do certame, que segue as normas da Lei Federal n\u00ba 14.133\/2021. Os prazos s\u00e3o os seguintes:<br>\u00a0Prazo final para envio das propostas: 28 de mar\u00e7o de 2025, at\u00e9 as 13h. \u00a0Abertura das propostas e sess\u00e3o da concorr\u00eancia: 28 de mar\u00e7o de 2025, \u00e0s 13h05. Com a sede, a Prefeitura de Arax\u00e1 \u00a0vai viabilizar a implanta\u00e7\u00e3o do SAMU no Munic\u00edpio e ter\u00e1 mais estrutura para atender os chamados com rapidez e efici\u00eancia, garantindo um servi\u00e7o ainda mais \u00e1gil e qualificado para a popula\u00e7\u00e3o. O servi\u00e7o contar\u00e1 com a opera\u00e7\u00e3o de duas ambul\u00e2ncias, uma de suporte b\u00e1sico e uma de suporte avan\u00e7ado. Por enquanto, a implanta\u00e7\u00e3o do SAMU aguarda a finaliza\u00e7\u00e3o do Processo Seletivo para contrata\u00e7\u00e3o de profissionais que ir\u00e3o atuar na cidade e da libera\u00e7\u00e3o das ambul\u00e2ncias por parte do Cistrisul &#8211; Cons\u00f3rcio P\u00fablico Intermunicipal de Sa\u00fade da Rede de Urg\u00eancia e Emerg\u00eancia da Macrorregi\u00e3o do Tri\u00e2ngulo Sul.<\/p>\n","protected":false},"excerpt":{"rendered":"<p>A Prefeitura de Arax\u00e1 deu um passo importante para melhorar o atendimento de urg\u00eancia e emerg\u00eancia na cidade. Foi aberto<\/p>\n","protected":false},"author":2,"featured_media":8312,"comment_status":"open","ping_status":"open","sticky":false,"template":"","format":"standard","meta":{"footnotes":""},"categories":[9,11],"tags":[],"class_list":["post-8311","post","type-post","status-publish","format-standard","has-post-thumbnail","hentry","category-araxa","category-destaques"],"_links":{"self":[{"href":"http:\/\/blogdoarmindomaia.com.br\/index.php?rest_route=\/wp\/v2\/posts\/8311","targetHints":{"allow":["GET"]}}],"collection":[{"href":"http:\/\/blogdoarmindomaia.com.br\/index.php?rest_route=\/wp\/v2\/posts"}],"about":[{"href":"http:\/\/blogdoarmindomaia.com.br\/index.php?rest_route=\/wp\/v2\/types\/post"}],"author":[{"embeddable":true,"href":"http:\/\/blogdoarmindomaia.com.br\/index.php?rest_route=\/wp\/v2\/users\/2"}],"replies":[{"embeddable":true,"href":"http:\/\/blogdoarmindomaia.com.br\/index.php?rest_route=%2Fwp%2Fv2%2Fcomments&post=8311"}],"version-history":[{"count":1,"href":"http:\/\/blogdoarmindomaia.com.br\/index.php?rest_route=\/wp\/v2\/posts\/8311\/revisions"}],"predecessor-version":[{"id":8313,"href":"http:\/\/blogdoarmindomaia.com.br\/index.php?rest_route=\/wp\/v2\/posts\/8311\/revisions\/8313"}],"wp:featuredmedia":[{"embeddable":true,"href":"http:\/\/blogdoarmindomaia.com.br\/index.php?rest_route=\/wp\/v2\/media\/8312"}],"wp:attachment":[{"href":"http:\/\/blogdoarmindomaia.com.br\/index.php?rest_route=%2Fwp%2Fv2%2Fmedia&parent=8311"}],"wp:term":[{"taxonomy":"category","embeddable":true,"href":"http:\/\/blogdoarmindomaia.com.br\/index.php?rest_route=%2Fwp%2Fv2%2Fcategories&post=8311"},{"taxonomy":"post_tag","embeddable":true,"href":"http:\/\/blogdoarmindomaia.com.br\/index.php?rest_route=%2Fwp%2Fv2%2Ftags&post=8311"}],"curies":[{"name":"wp","href":"https:\/\/api.w.org\/{rel}","templated":true}]}}