{"id":8314,"date":"2025-03-19T14:37:41","date_gmt":"2025-03-19T17:37:41","guid":{"rendered":"http:\/\/blogdoarmindomaia.com.br\/?p=8314"},"modified":"2025-03-19T14:37:42","modified_gmt":"2025-03-19T17:37:42","slug":"agente-da-receita-federal-de-araxa-fala-sobre-a-declaracao-do-ir-2025","status":"publish","type":"post","link":"http:\/\/blogdoarmindomaia.com.br\/?p=8314","title":{"rendered":"Agente da Receita Federal de Arax\u00e1 fala sobre a declara\u00e7\u00e3o do IR 2025\u00a0"},"content":{"rendered":"\n<figure class=\"wp-block-image size-large\"><img loading=\"lazy\" decoding=\"async\" width=\"1024\" height=\"768\" src=\"http:\/\/blogdoarmindomaia.com.br\/wp-content\/uploads\/2025\/03\/Agente-da-Receita-Federal-de-Araxa-fala-sobre-a-declaracao-do-IR-2025-pag-08-1024x768.jpg\" alt=\"\" class=\"wp-image-8315\" srcset=\"http:\/\/blogdoarmindomaia.com.br\/wp-content\/uploads\/2025\/03\/Agente-da-Receita-Federal-de-Araxa-fala-sobre-a-declaracao-do-IR-2025-pag-08-1024x768.jpg 1024w, http:\/\/blogdoarmindomaia.com.br\/wp-content\/uploads\/2025\/03\/Agente-da-Receita-Federal-de-Araxa-fala-sobre-a-declaracao-do-IR-2025-pag-08-300x225.jpg 300w, http:\/\/blogdoarmindomaia.com.br\/wp-content\/uploads\/2025\/03\/Agente-da-Receita-Federal-de-Araxa-fala-sobre-a-declaracao-do-IR-2025-pag-08-768x576.jpg 768w, http:\/\/blogdoarmindomaia.com.br\/wp-content\/uploads\/2025\/03\/Agente-da-Receita-Federal-de-Araxa-fala-sobre-a-declaracao-do-IR-2025-pag-08-1536x1152.jpg 1536w, http:\/\/blogdoarmindomaia.com.br\/wp-content\/uploads\/2025\/03\/Agente-da-Receita-Federal-de-Araxa-fala-sobre-a-declaracao-do-IR-2025-pag-08.jpg 1600w\" sizes=\"auto, (max-width: 1024px) 100vw, 1024px\" \/><\/figure>\n\n\n\n<p>No programa Cidade Urgente desta ter\u00e7a-feira, ao vivo nos est\u00fadios, o Agente&nbsp; da Receita Federal de Arax\u00e1, Eduardo Paraguass\u00fa, falou sobre o in\u00edcio da entrega das declara\u00e7\u00f5es pessoa f\u00edsica e tirou as d\u00favidas dos ouvintes&nbsp; internautas.&nbsp;&nbsp;&nbsp; Segundo ele, \u201co prazo de entrega da Declara\u00e7\u00e3o Anual do Imposto de Renda Pessoa F\u00edsica (IRPF) 2025, ano-calend\u00e1rio 2024, come\u00e7ou na \u00faltima segunda-feira, 17 de mar\u00e7o, e segue at\u00e9 o pr\u00f3ximo dia 30 de maio, \u00e0s 23h59. Pessoas f\u00edsicas que receberam rendimentos tribut\u00e1veis acima de R$ 33.888, assim como aquelas que obtiveram receita bruta da atividade rural acima de R$ 169.440, s\u00e3o obrigadas a declarar.\u201d O Agente tamb\u00e9m explicou que, \u201c\u00b4 a declara\u00e7\u00e3o do imposto sobre a renda das pessoas f\u00edsicas pode ser preenchida de forma online, pelo e-CAC, sem precisar baixar ou instalar nenhum programa. Outra maneira de preencher a declara\u00e7\u00e3o \u00e9 baixando a vers\u00e3o para Windows.\u201d<\/p>\n\n\n\n<figure class=\"wp-block-image size-large\"><img loading=\"lazy\" decoding=\"async\" width=\"1024\" height=\"768\" src=\"http:\/\/blogdoarmindomaia.com.br\/wp-content\/uploads\/2025\/03\/Sede-da-Agencia-da-Receita-Federal-de-Araxa-1024x768.jpg\" alt=\"\" class=\"wp-image-8316\" srcset=\"http:\/\/blogdoarmindomaia.com.br\/wp-content\/uploads\/2025\/03\/Sede-da-Agencia-da-Receita-Federal-de-Araxa-1024x768.jpg 1024w, http:\/\/blogdoarmindomaia.com.br\/wp-content\/uploads\/2025\/03\/Sede-da-Agencia-da-Receita-Federal-de-Araxa-300x225.jpg 300w, http:\/\/blogdoarmindomaia.com.br\/wp-content\/uploads\/2025\/03\/Sede-da-Agencia-da-Receita-Federal-de-Araxa-768x576.jpg 768w, http:\/\/blogdoarmindomaia.com.br\/wp-content\/uploads\/2025\/03\/Sede-da-Agencia-da-Receita-Federal-de-Araxa-1536x1152.jpg 1536w, http:\/\/blogdoarmindomaia.com.br\/wp-content\/uploads\/2025\/03\/Sede-da-Agencia-da-Receita-Federal-de-Araxa.jpg 1600w\" sizes=\"auto, (max-width: 1024px) 100vw, 1024px\" \/><\/figure>\n\n\n\n<p>Ele tamb\u00e9m afirmou que, \u201ca declara\u00e7\u00e3o ter\u00e1 poucas mudan\u00e7as em rela\u00e7\u00e3o \u00e0 do ano passado. As principais s\u00e3o as situa\u00e7\u00f5es em que o contribuinte est\u00e1 obrigado a entregar o documento, por causa do reajuste da faixa de isen\u00e7\u00e3o no ano passado.\u201d<\/p>\n\n\n\n<p>Segundo Eduardo, \u201cquem enviar a declara\u00e7\u00e3o fora do prazo dever\u00e1 pagar multa de 1% sobre imposto devido, com valor m\u00ednimo de R$ 165,74, ou de 20% do valor devido, prevalecendo o maior valor.\u201d<\/p>\n\n\n\n<p>Sobre restitui\u00e7\u00f5es, ele disse que, \u201c as restitui\u00e7\u00f5es (ano-base 2024) ser\u00e3o efetuadas em cinco lotes, no per\u00edodo de maio a setembro de 2025, conforme as seguintes datas:<\/p>\n\n\n\n<ol class=\"wp-block-list\">\n<li>primeiro lote: 30 de maio<\/li>\n\n\n\n<li>segundo lote: 30 de junho<\/li>\n\n\n\n<li>terceiro lote: 31 de julho<\/li>\n\n\n\n<li>quarto lote: 29 de agosto<\/li>\n\n\n\n<li>quinto e \u00faltimo lote: 30 de setembro.<\/li>\n<\/ol>\n\n\n\n<p><strong>Ao considerar as prioridades determinadas por lei, o pagamento das restitui\u00e7\u00f5es seguir\u00e1 a seguinte ordem:<\/strong><\/p>\n\n\n\n<ul class=\"wp-block-list\">\n<li>idade igual ou superior a 80 anos<\/li>\n\n\n\n<li>idade igual ou superior a 60 anos, pessoas com defici\u00eancia e pessoas com doen\u00e7a grave<\/li>\n\n\n\n<li>pessoas cuja maior fonte de renda seja o magist\u00e9rio<\/li>\n\n\n\n<li>pessoas que utilizaram a declara\u00e7\u00e3o pr\u00e9-preenchida e que optaram por receber a restitui\u00e7\u00e3o por PIX<\/li>\n\n\n\n<li>pessoas que utilizaram a declara\u00e7\u00e3o pr\u00e9-preenchida ou optaram por receber a restitui\u00e7\u00e3o por PIX.\u201d<\/li>\n\n\n\n<li>Eduardo Paraguass\u00fa, revelou que, \u201c a expectativa da Receita Federal \u00e9 que sejam feitas este ano em Arax\u00e1, cerca de 30 mil declara\u00e7\u00f5es de Imposto de Renda Pessoa F\u00edsica, e desse total, cerca de 10 mil contribuintes devam pagar imposto\u201d.\u00a0\u00a0<\/li>\n<\/ul>\n\n\n\n<p>Finalizando ele disse que, \u201cos araxaenses que precisam pagar imposto de renda podem direcionar parte do valor para causas sociais. At\u00e9 6% do imposto devido pode ser destinado ao Fundo Municipal da Crian\u00e7a e do Adolescente e ao Fundo Municipal do Idoso, sem custo adicional para o contribuinte. Atualmente, das 10 mil declara\u00e7\u00f5es com imposto a pagar em Arax\u00e1, apenas 100 contribuintes fazem a doa\u00e7\u00e3o. Se todos contribu\u00edssem, os fundos locais poderiam arrecadar cerca de R$ 5 milh\u00f5es, beneficiando diretamente a popula\u00e7\u00e3o.\u201d<\/p>\n","protected":false},"excerpt":{"rendered":"<p>No programa Cidade Urgente desta ter\u00e7a-feira, ao vivo nos est\u00fadios, o Agente&nbsp; da Receita Federal de Arax\u00e1, Eduardo Paraguass\u00fa, falou<\/p>\n","protected":false},"author":2,"featured_media":8315,"comment_status":"open","ping_status":"open","sticky":false,"template":"","format":"standard","meta":{"footnotes":""},"categories":[9,11],"tags":[],"class_list":["post-8314","post","type-post","status-publish","format-standard","has-post-thumbnail","hentry","category-araxa","category-destaques"],"_links":{"self":[{"href":"http:\/\/blogdoarmindomaia.com.br\/index.php?rest_route=\/wp\/v2\/posts\/8314","targetHints":{"allow":["GET"]}}],"collection":[{"href":"http:\/\/blogdoarmindomaia.com.br\/index.php?rest_route=\/wp\/v2\/posts"}],"about":[{"href":"http:\/\/blogdoarmindomaia.com.br\/index.php?rest_route=\/wp\/v2\/types\/post"}],"author":[{"embeddable":true,"href":"http:\/\/blogdoarmindomaia.com.br\/index.php?rest_route=\/wp\/v2\/users\/2"}],"replies":[{"embeddable":true,"href":"http:\/\/blogdoarmindomaia.com.br\/index.php?rest_route=%2Fwp%2Fv2%2Fcomments&post=8314"}],"version-history":[{"count":1,"href":"http:\/\/blogdoarmindomaia.com.br\/index.php?rest_route=\/wp\/v2\/posts\/8314\/revisions"}],"predecessor-version":[{"id":8317,"href":"http:\/\/blogdoarmindomaia.com.br\/index.php?rest_route=\/wp\/v2\/posts\/8314\/revisions\/8317"}],"wp:featuredmedia":[{"embeddable":true,"href":"http:\/\/blogdoarmindomaia.com.br\/index.php?rest_route=\/wp\/v2\/media\/8315"}],"wp:attachment":[{"href":"http:\/\/blogdoarmindomaia.com.br\/index.php?rest_route=%2Fwp%2Fv2%2Fmedia&parent=8314"}],"wp:term":[{"taxonomy":"category","embeddable":true,"href":"http:\/\/blogdoarmindomaia.com.br\/index.php?rest_route=%2Fwp%2Fv2%2Fcategories&post=8314"},{"taxonomy":"post_tag","embeddable":true,"href":"http:\/\/blogdoarmindomaia.com.br\/index.php?rest_route=%2Fwp%2Fv2%2Ftags&post=8314"}],"curies":[{"name":"wp","href":"https:\/\/api.w.org\/{rel}","templated":true}]}}