{"id":8329,"date":"2025-03-20T11:28:55","date_gmt":"2025-03-20T14:28:55","guid":{"rendered":"http:\/\/blogdoarmindomaia.com.br\/?p=8329"},"modified":"2025-03-20T11:28:56","modified_gmt":"2025-03-20T14:28:56","slug":"araxa-rodeio-show-confirma-matogrosso-e-mathias-no-ultimo-dia-de-festa","status":"publish","type":"post","link":"http:\/\/blogdoarmindomaia.com.br\/?p=8329","title":{"rendered":"Arax\u00e1 Rodeio Show confirma Matogrosso e Mathias no \u00faltimo dia de festa"},"content":{"rendered":"\n<figure class=\"wp-block-image size-large\"><img loading=\"lazy\" decoding=\"async\" width=\"1024\" height=\"1010\" src=\"http:\/\/blogdoarmindomaia.com.br\/wp-content\/uploads\/2025\/03\/Araxa-Rodeio-Show-confirma-Matogrosso-e-Mathias-no-ultimo-dia-de-festa-pag-10-1024x1010.jpg\" alt=\"\" class=\"wp-image-8330\" srcset=\"http:\/\/blogdoarmindomaia.com.br\/wp-content\/uploads\/2025\/03\/Araxa-Rodeio-Show-confirma-Matogrosso-e-Mathias-no-ultimo-dia-de-festa-pag-10-1024x1010.jpg 1024w, http:\/\/blogdoarmindomaia.com.br\/wp-content\/uploads\/2025\/03\/Araxa-Rodeio-Show-confirma-Matogrosso-e-Mathias-no-ultimo-dia-de-festa-pag-10-300x296.jpg 300w, http:\/\/blogdoarmindomaia.com.br\/wp-content\/uploads\/2025\/03\/Araxa-Rodeio-Show-confirma-Matogrosso-e-Mathias-no-ultimo-dia-de-festa-pag-10-768x757.jpg 768w, http:\/\/blogdoarmindomaia.com.br\/wp-content\/uploads\/2025\/03\/Araxa-Rodeio-Show-confirma-Matogrosso-e-Mathias-no-ultimo-dia-de-festa-pag-10.jpg 1280w\" sizes=\"auto, (max-width: 1024px) 100vw, 1024px\" \/><\/figure>\n\n\n\n<p>A organiza\u00e7\u00e3o do Arax\u00e1 Rodeio Show anunciou&nbsp; um refor\u00e7o na grade de shows do evento em 2025. O \u00faltimo dia de festa ter\u00e1 uma das duplas mais reconhecidas da hist\u00f3ria do sertanejo. Matogrosso &amp; Mathias voltam a Arax\u00e1 para um show inesquec\u00edvel e que promete emocionar o p\u00fablico. \u201c\u00c9, sem d\u00favida, uma contrata\u00e7\u00e3o dos sonhos. Falar de Matogrosso &amp; Mathias \u00e9 falar de uma dupla que tem quatro d\u00e9cadas de carreira e que sempre se renovou. Ser\u00e1 um espet\u00e1culo imperd\u00edvel\u201d, ressalta Luciano. Com 35 discos lan\u00e7ados e um repert\u00f3rio vasto, Matogrosso &amp; Mathias n\u00e3o t\u00eam d\u00favida na hora de selecionar as can\u00e7\u00f5es do show: \u00e9 s\u00f3 tocar o que o p\u00fablico pede.&nbsp;<em>Tentei te Esquecer, De Igual Pra Igual, Boate Azul, 24 Horas de Amor, Na Hora do Adeus, Peda\u00e7o da Minha Vida, Idas e Voltas, Foi Pensando em Voc\u00ea, Pele de Ma\u00e7\u00e3<\/em>&nbsp;e muitas outras n\u00e3o podem faltar. \u201cUma m\u00fasica que pedem muito na nossa carreira \u00e9&nbsp;<em>Retrato de M\u00e3e<\/em>, uma m\u00fasica de raiz. Quando a gente canta, todo mundo canta junto. \u00c9 emocionante\u201d, lembra Matogrosso. No domingo (27\/04), a dupla encerra o Arax\u00e1 Rodeio Show ao lado de Em\u00edlio &amp; Eduardo. A venda de ingressos para a data continua com o mesmo valor nos postos de venda f\u00edsicos e tamb\u00e9m pelo site.<\/p>\n\n\n\n<p><strong>Mudan\u00e7a<\/strong><\/p>\n\n\n\n<p>Matogrosso &amp; Mathias substituem o grupo Traia V\u00e9ia na festa. A banda, que estar\u00e1 em uma sequ\u00eancia de shows pelo Paran\u00e1, rompeu o contrato porque tem outra apresenta\u00e7\u00e3o no sul do pa\u00eds e, em fun\u00e7\u00e3o de quest\u00f5es operacionais do aeroporto local, n\u00e3o conseguiria realizar os dois shows na mesma noite, conforme inicialmente acordado.<\/p>\n\n\n\n<p>Os f\u00e3s do Traia V\u00e9ia que optarem n\u00e3o comparecer ao evento, poder\u00e3o devolver o ingresso e ter\u00e3o o valor reembolsado. \u201cCom o an\u00fancio de hoje, acho dif\u00edcil termos essa situa\u00e7\u00e3o, mas, assim como ocorreu na \u00e9poca da pandemia, vamos garantir a devolu\u00e7\u00e3o a quem desejar. Em breve vamos anunciar como fazer essa opera\u00e7\u00e3o\u201d, ressalta Luciano.<\/p>\n","protected":false},"excerpt":{"rendered":"<p>A organiza\u00e7\u00e3o do Arax\u00e1 Rodeio Show anunciou&nbsp; um refor\u00e7o na grade de shows do evento em 2025. O \u00faltimo dia<\/p>\n","protected":false},"author":2,"featured_media":8330,"comment_status":"open","ping_status":"open","sticky":false,"template":"","format":"standard","meta":{"footnotes":""},"categories":[9,11],"tags":[],"class_list":["post-8329","post","type-post","status-publish","format-standard","has-post-thumbnail","hentry","category-araxa","category-destaques"],"_links":{"self":[{"href":"http:\/\/blogdoarmindomaia.com.br\/index.php?rest_route=\/wp\/v2\/posts\/8329","targetHints":{"allow":["GET"]}}],"collection":[{"href":"http:\/\/blogdoarmindomaia.com.br\/index.php?rest_route=\/wp\/v2\/posts"}],"about":[{"href":"http:\/\/blogdoarmindomaia.com.br\/index.php?rest_route=\/wp\/v2\/types\/post"}],"author":[{"embeddable":true,"href":"http:\/\/blogdoarmindomaia.com.br\/index.php?rest_route=\/wp\/v2\/users\/2"}],"replies":[{"embeddable":true,"href":"http:\/\/blogdoarmindomaia.com.br\/index.php?rest_route=%2Fwp%2Fv2%2Fcomments&post=8329"}],"version-history":[{"count":1,"href":"http:\/\/blogdoarmindomaia.com.br\/index.php?rest_route=\/wp\/v2\/posts\/8329\/revisions"}],"predecessor-version":[{"id":8331,"href":"http:\/\/blogdoarmindomaia.com.br\/index.php?rest_route=\/wp\/v2\/posts\/8329\/revisions\/8331"}],"wp:featuredmedia":[{"embeddable":true,"href":"http:\/\/blogdoarmindomaia.com.br\/index.php?rest_route=\/wp\/v2\/media\/8330"}],"wp:attachment":[{"href":"http:\/\/blogdoarmindomaia.com.br\/index.php?rest_route=%2Fwp%2Fv2%2Fmedia&parent=8329"}],"wp:term":[{"taxonomy":"category","embeddable":true,"href":"http:\/\/blogdoarmindomaia.com.br\/index.php?rest_route=%2Fwp%2Fv2%2Fcategories&post=8329"},{"taxonomy":"post_tag","embeddable":true,"href":"http:\/\/blogdoarmindomaia.com.br\/index.php?rest_route=%2Fwp%2Fv2%2Ftags&post=8329"}],"curies":[{"name":"wp","href":"https:\/\/api.w.org\/{rel}","templated":true}]}}