{"id":8338,"date":"2025-03-22T02:25:52","date_gmt":"2025-03-22T05:25:52","guid":{"rendered":"http:\/\/blogdoarmindomaia.com.br\/?p=8338"},"modified":"2025-03-22T02:25:52","modified_gmt":"2025-03-22T05:25:52","slug":"festival-gratuito-vai-levar-jazz-e-blues-para-a-copa-internacional-de-mountain-bike","status":"publish","type":"post","link":"http:\/\/blogdoarmindomaia.com.br\/?p=8338","title":{"rendered":"Festival gratuito vai levar jazz e blues para a Copa Internacional de Mountain Bike"},"content":{"rendered":"\n<p><em>Atra\u00e7\u00f5es regionais e nacionais v\u00e3o movimentar o Parque do Barreiro na pr\u00f3xima semana<\/em><\/p>\n\n\n\n<figure class=\"wp-block-image size-large\"><img loading=\"lazy\" decoding=\"async\" width=\"1024\" height=\"733\" src=\"http:\/\/blogdoarmindomaia.com.br\/wp-content\/uploads\/2025\/03\/Fesrival-3-1024x733.jpg\" alt=\"\" class=\"wp-image-8339\" srcset=\"http:\/\/blogdoarmindomaia.com.br\/wp-content\/uploads\/2025\/03\/Fesrival-3-1024x733.jpg 1024w, http:\/\/blogdoarmindomaia.com.br\/wp-content\/uploads\/2025\/03\/Fesrival-3-300x215.jpg 300w, http:\/\/blogdoarmindomaia.com.br\/wp-content\/uploads\/2025\/03\/Fesrival-3-768x550.jpg 768w, http:\/\/blogdoarmindomaia.com.br\/wp-content\/uploads\/2025\/03\/Fesrival-3-1536x1099.jpg 1536w, http:\/\/blogdoarmindomaia.com.br\/wp-content\/uploads\/2025\/03\/Fesrival-3.jpg 1600w\" sizes=\"auto, (max-width: 1024px) 100vw, 1024px\" \/><\/figure>\n\n\n\n<figure class=\"wp-block-image size-large\"><img loading=\"lazy\" decoding=\"async\" width=\"1024\" height=\"605\" src=\"http:\/\/blogdoarmindomaia.com.br\/wp-content\/uploads\/2025\/03\/Festival-2-1024x605.jpg\" alt=\"\" class=\"wp-image-8340\" srcset=\"http:\/\/blogdoarmindomaia.com.br\/wp-content\/uploads\/2025\/03\/Festival-2-1024x605.jpg 1024w, http:\/\/blogdoarmindomaia.com.br\/wp-content\/uploads\/2025\/03\/Festival-2-300x177.jpg 300w, http:\/\/blogdoarmindomaia.com.br\/wp-content\/uploads\/2025\/03\/Festival-2-768x454.jpg 768w, http:\/\/blogdoarmindomaia.com.br\/wp-content\/uploads\/2025\/03\/Festival-2.jpg 1280w\" sizes=\"auto, (max-width: 1024px) 100vw, 1024px\" \/><\/figure>\n\n\n\n<figure class=\"wp-block-image size-full\"><img loading=\"lazy\" decoding=\"async\" width=\"749\" height=\"553\" src=\"http:\/\/blogdoarmindomaia.com.br\/wp-content\/uploads\/2025\/03\/Festrival-1.jpg\" alt=\"\" class=\"wp-image-8341\" srcset=\"http:\/\/blogdoarmindomaia.com.br\/wp-content\/uploads\/2025\/03\/Festrival-1.jpg 749w, http:\/\/blogdoarmindomaia.com.br\/wp-content\/uploads\/2025\/03\/Festrival-1-300x221.jpg 300w\" sizes=\"auto, (max-width: 749px) 100vw, 749px\" \/><\/figure>\n\n\n\n<p>Um palco de 96 metros quadrados, estrategicamente montado na lateral esquerda do estacionamento do Grande Hotel de Arax\u00e1 vai ser o ponto de encontro de quem gosta de m\u00fasica de qualidade e tamb\u00e9m \u00e9 apaixonado pelo esporte. Pela segunda vez, o Arax\u00e1 Festival Jazz e Blues vai trazer para o Parque do Barreiro grandes nomes da m\u00fasica regional e nacional, dentro da programa\u00e7\u00e3o da Copa Internacional de Mountain Bike (CiMTB).<\/p>\n\n\n\n<p>\u201cA programa\u00e7\u00e3o foi montada para que o p\u00fablico possa acompanhar de perto todas as emo\u00e7\u00f5es das provas de sexta (28) e de s\u00e1bado (29) e, logo depois, se divirta em um espa\u00e7o de cultura, sem precisar sair do evento esportivo\u201d, destaca Marcus Tulius Morais, diretor musical. Entre as atra\u00e7\u00f5es est\u00e3o o Uberland Street Band, Blues Beatles e Tiago Martins Quarteto (veja a programa\u00e7\u00e3o completa abaixo).<\/p>\n\n\n\n<p>O festival \u00e9 realizado pela Moinho Cultural e conta com o patroc\u00ednio da CBMM, por meio da Lei Rouanet &#8211; Incentivo a Projetos Culturais, do Minist\u00e9rio da Cultura, Governo Federal; com o apoio da CiMTB. A entrada em ambos os eventos \u00e9 gratuita.<\/p>\n\n\n\n<p><strong>Programa\u00e7\u00e3o musical<\/strong><\/p>\n\n\n\n<p>SEXTA-FEIRA &#8211; 28 DE MAR\u00c7O<\/p>\n\n\n\n<p>17h &#8211; 18h | Bejazz Street Band<\/p>\n\n\n\n<p>18h &#8211; 19h | Mikael Sarav\u00e1 Sexteto &#8211; Tributo Skatalites<\/p>\n\n\n\n<p>19h30 &#8211; 21h | Tiago Martins Quarteto convida Tarc\u00edsio Moura<\/p>\n\n\n\n<p>S\u00c1BADO &#8211; 29 DE MAR\u00c7O<\/p>\n\n\n\n<p>17h &#8211; 18h | Uberland Street Band<\/p>\n\n\n\n<p>18h &#8211; 19h | Pedro Amui Quarteto &#8211; Sangue Latino<\/p>\n\n\n\n<p>19h30 &#8211; 21h | Blues Beatles \u2013 Uma fus\u00e3o entre o blues e os cl\u00e1ssicos dos Beatles<\/p>\n\n\n\n<p><strong>Sobre o Arax\u00e1 Festival<\/strong><\/p>\n\n\n\n<p>Esta \u00e9 a segunda edi\u00e7\u00e3o do Arax\u00e1 Festival Jazz e Blues. Em 2023, o evento tamb\u00e9m levou m\u00fasica de qualidade \u00e0 Copa Internacional de Mountain Bike e foi um sucesso. Segundo a organiza\u00e7\u00e3o, a iniciativa de incluir o Arax\u00e1 Festival Jazz e Blues dentro da programa\u00e7\u00e3o da CiMTB refor\u00e7a a voca\u00e7\u00e3o da cidade para sediar grandes eventos culturais e esportivos. \u201cO festival trar\u00e1 uma sele\u00e7\u00e3o de m\u00fasicos talentosos, proporcionando uma experi\u00eancia sonora diferenciada para os visitantes e atletas da competi\u00e7\u00e3o. Um evento imperd\u00edvel\u201d, destaca o coordenador do projeto, Marcelo Mamed (Moinho Cultural).<\/p>\n\n\n\n<p><strong>A hist\u00f3ria da CiMTB<\/strong><\/p>\n\n\n\n<p>A organiza\u00e7\u00e3o da CiMTB realizou sua primeira prova em 1996. Desde ent\u00e3o, vem inovando e contribuindo ativamente para o crescimento e fortalecimento do mountain bike e o mercado de bicicletas no Brasil. Contando pontos para o ranking mundial da Uni\u00e3o Cicl\u00edstica Internacional (UCI) desde 2004, a CiMTB tem sido seletiva para os Jogos Ol\u00edmpicos nos ciclos de Pequim 2008, Londres 2012, Rio 2016, T\u00f3quio 2020 e Paris 2024.<\/p>\n\n\n\n<p>Em 2022, a CiMTB aumentou ainda mais sua relev\u00e2ncia internacional, com a realiza\u00e7\u00e3o da etapa de abertura da Copa do Mundo Mercedes-Benz de Mountain Bike 2022, em Petr\u00f3polis, j\u00e1 em 2024 organizou a etapa de Arax\u00e1 da WHOOP UCI Mountain Bike World Series. Al\u00e9m disso, foi respons\u00e1vel pela constru\u00e7\u00e3o da pista de mountain bike dos Jogos Ol\u00edmpicos Rio 2016, considerada uma das melhores da hist\u00f3ria dos Jogos desde 1996, primeiro ano do MTB em Olimp\u00edadas.<\/p>\n\n\n\n<p><strong>Servi\u00e7o<\/strong><\/p>\n\n\n\n<p><strong><em>Arax\u00e1 Festival Jazz e Blues<\/em><\/strong><\/p>\n\n\n\n<p><strong>Local:<\/strong>&nbsp;Parque do Barreiro, Arax\u00e1 \u2013 dentro da programa\u00e7\u00e3o da Copa Internacional de Mountain Bike (CiMTB)<\/p>\n\n\n\n<p><strong>Datas:<\/strong>&nbsp;28 e 29 de mar\u00e7o de 2024<\/p>\n\n\n\n<p><strong>Hor\u00e1rio:<\/strong>&nbsp;a partir das 17h.<\/p>\n\n\n\n<p><em>Entrada gratuita<\/em><\/p>\n\n\n\n<p><strong>Atra\u00e7\u00f5es:<\/strong>&nbsp;Shows de jazz e blues com apresenta\u00e7\u00f5es instrumentais e vocais<strong>Outras informa\u00e7\u00f5es:&nbsp;<\/strong>@araxafestival<\/p>\n\n\n\n<p><\/p>\n","protected":false},"excerpt":{"rendered":"<p>Atra\u00e7\u00f5es regionais e nacionais v\u00e3o movimentar o Parque do Barreiro na pr\u00f3xima semana Um palco de 96 metros quadrados, estrategicamente<\/p>\n","protected":false},"author":2,"featured_media":8339,"comment_status":"open","ping_status":"open","sticky":false,"template":"","format":"standard","meta":{"footnotes":""},"categories":[9,11],"tags":[],"class_list":["post-8338","post","type-post","status-publish","format-standard","has-post-thumbnail","hentry","category-araxa","category-destaques"],"_links":{"self":[{"href":"http:\/\/blogdoarmindomaia.com.br\/index.php?rest_route=\/wp\/v2\/posts\/8338","targetHints":{"allow":["GET"]}}],"collection":[{"href":"http:\/\/blogdoarmindomaia.com.br\/index.php?rest_route=\/wp\/v2\/posts"}],"about":[{"href":"http:\/\/blogdoarmindomaia.com.br\/index.php?rest_route=\/wp\/v2\/types\/post"}],"author":[{"embeddable":true,"href":"http:\/\/blogdoarmindomaia.com.br\/index.php?rest_route=\/wp\/v2\/users\/2"}],"replies":[{"embeddable":true,"href":"http:\/\/blogdoarmindomaia.com.br\/index.php?rest_route=%2Fwp%2Fv2%2Fcomments&post=8338"}],"version-history":[{"count":1,"href":"http:\/\/blogdoarmindomaia.com.br\/index.php?rest_route=\/wp\/v2\/posts\/8338\/revisions"}],"predecessor-version":[{"id":8342,"href":"http:\/\/blogdoarmindomaia.com.br\/index.php?rest_route=\/wp\/v2\/posts\/8338\/revisions\/8342"}],"wp:featuredmedia":[{"embeddable":true,"href":"http:\/\/blogdoarmindomaia.com.br\/index.php?rest_route=\/wp\/v2\/media\/8339"}],"wp:attachment":[{"href":"http:\/\/blogdoarmindomaia.com.br\/index.php?rest_route=%2Fwp%2Fv2%2Fmedia&parent=8338"}],"wp:term":[{"taxonomy":"category","embeddable":true,"href":"http:\/\/blogdoarmindomaia.com.br\/index.php?rest_route=%2Fwp%2Fv2%2Fcategories&post=8338"},{"taxonomy":"post_tag","embeddable":true,"href":"http:\/\/blogdoarmindomaia.com.br\/index.php?rest_route=%2Fwp%2Fv2%2Ftags&post=8338"}],"curies":[{"name":"wp","href":"https:\/\/api.w.org\/{rel}","templated":true}]}}