{"id":8346,"date":"2025-03-24T16:23:06","date_gmt":"2025-03-24T19:23:06","guid":{"rendered":"http:\/\/blogdoarmindomaia.com.br\/?p=8346"},"modified":"2025-03-24T16:23:07","modified_gmt":"2025-03-24T19:23:07","slug":"casa-do-pequeno-jardineiro-e-sine-ampliam-oportunidades-para-jovens-no-mercado-de-trabalho","status":"publish","type":"post","link":"http:\/\/blogdoarmindomaia.com.br\/?p=8346","title":{"rendered":"Casa do Pequeno Jardineiro e Sine ampliam oportunidades para jovens no mercado de trabalho"},"content":{"rendered":"\n<figure class=\"wp-block-image size-large\"><img loading=\"lazy\" decoding=\"async\" width=\"1024\" height=\"638\" src=\"http:\/\/blogdoarmindomaia.com.br\/wp-content\/uploads\/2025\/03\/Parceria-Sine-e-Pequeno-Jardineiro-3-1024x638.jpeg\" alt=\"\" class=\"wp-image-8347\" srcset=\"http:\/\/blogdoarmindomaia.com.br\/wp-content\/uploads\/2025\/03\/Parceria-Sine-e-Pequeno-Jardineiro-3-1024x638.jpeg 1024w, http:\/\/blogdoarmindomaia.com.br\/wp-content\/uploads\/2025\/03\/Parceria-Sine-e-Pequeno-Jardineiro-3-300x187.jpeg 300w, http:\/\/blogdoarmindomaia.com.br\/wp-content\/uploads\/2025\/03\/Parceria-Sine-e-Pequeno-Jardineiro-3-768x478.jpeg 768w, http:\/\/blogdoarmindomaia.com.br\/wp-content\/uploads\/2025\/03\/Parceria-Sine-e-Pequeno-Jardineiro-3-1536x957.jpeg 1536w, http:\/\/blogdoarmindomaia.com.br\/wp-content\/uploads\/2025\/03\/Parceria-Sine-e-Pequeno-Jardineiro-3-2048x1276.jpeg 2048w\" sizes=\"auto, (max-width: 1024px) 100vw, 1024px\" \/><\/figure>\n\n\n\n<p>Uma parceria entre o Programa Casa do Pequeno Jardineiro e o Sine Arax\u00e1 est\u00e1 oferecendo aos jovens de 14 a 17 anos atendidos pelo programa a oportunidade de participarem de atividades voltadas para a capacita\u00e7\u00e3o profissional e inser\u00e7\u00e3o no mercado de trabalho. O projeto contempla um plano de trabalho com oito encontros. As atividades v\u00e3o at\u00e9 o dia 9 de maio. Na iniciativa, o Sine Arax\u00e1 contribui com informa\u00e7\u00f5es sobre o mercado de trabalho local, direitos trabalhistas e estrat\u00e9gias para a busca de emprego. Ao longo dos encontros semanais, os jovens receber\u00e3o orienta\u00e7\u00f5es sobre postura profissional, comunica\u00e7\u00e3o, apresenta\u00e7\u00e3o pessoal, educa\u00e7\u00e3o financeira e intelig\u00eancia emocional. Empresas parceiras tamb\u00e9m apoiam o projeto, promovendo mentorias, simula\u00e7\u00e3o de entrevistas e um Feir\u00e3o de Empregos ao final da capacita\u00e7\u00e3o. A diretora ambiental do Programa Casa do Pequeno Jardineiro, Lilian Silva de Carvalho, destaca a import\u00e2ncia da parceria. O coordenador do Sine Arax\u00e1, Lu\u00eds Fl\u00e1vio de Melo, refor\u00e7a a import\u00e2ncia da iniciativa para a qualifica\u00e7\u00e3o dos jovens.<\/p>\n","protected":false},"excerpt":{"rendered":"<p>Uma parceria entre o Programa Casa do Pequeno Jardineiro e o Sine Arax\u00e1 est\u00e1 oferecendo aos jovens de 14 a<\/p>\n","protected":false},"author":2,"featured_media":8347,"comment_status":"open","ping_status":"open","sticky":false,"template":"","format":"standard","meta":{"footnotes":""},"categories":[9,11],"tags":[],"class_list":["post-8346","post","type-post","status-publish","format-standard","has-post-thumbnail","hentry","category-araxa","category-destaques"],"_links":{"self":[{"href":"http:\/\/blogdoarmindomaia.com.br\/index.php?rest_route=\/wp\/v2\/posts\/8346","targetHints":{"allow":["GET"]}}],"collection":[{"href":"http:\/\/blogdoarmindomaia.com.br\/index.php?rest_route=\/wp\/v2\/posts"}],"about":[{"href":"http:\/\/blogdoarmindomaia.com.br\/index.php?rest_route=\/wp\/v2\/types\/post"}],"author":[{"embeddable":true,"href":"http:\/\/blogdoarmindomaia.com.br\/index.php?rest_route=\/wp\/v2\/users\/2"}],"replies":[{"embeddable":true,"href":"http:\/\/blogdoarmindomaia.com.br\/index.php?rest_route=%2Fwp%2Fv2%2Fcomments&post=8346"}],"version-history":[{"count":1,"href":"http:\/\/blogdoarmindomaia.com.br\/index.php?rest_route=\/wp\/v2\/posts\/8346\/revisions"}],"predecessor-version":[{"id":8348,"href":"http:\/\/blogdoarmindomaia.com.br\/index.php?rest_route=\/wp\/v2\/posts\/8346\/revisions\/8348"}],"wp:featuredmedia":[{"embeddable":true,"href":"http:\/\/blogdoarmindomaia.com.br\/index.php?rest_route=\/wp\/v2\/media\/8347"}],"wp:attachment":[{"href":"http:\/\/blogdoarmindomaia.com.br\/index.php?rest_route=%2Fwp%2Fv2%2Fmedia&parent=8346"}],"wp:term":[{"taxonomy":"category","embeddable":true,"href":"http:\/\/blogdoarmindomaia.com.br\/index.php?rest_route=%2Fwp%2Fv2%2Fcategories&post=8346"},{"taxonomy":"post_tag","embeddable":true,"href":"http:\/\/blogdoarmindomaia.com.br\/index.php?rest_route=%2Fwp%2Fv2%2Ftags&post=8346"}],"curies":[{"name":"wp","href":"https:\/\/api.w.org\/{rel}","templated":true}]}}