{"id":8361,"date":"2025-04-03T14:51:42","date_gmt":"2025-04-03T17:51:42","guid":{"rendered":"http:\/\/blogdoarmindomaia.com.br\/?p=8361"},"modified":"2025-04-03T14:51:42","modified_gmt":"2025-04-03T17:51:42","slug":"galo-inscreve-estevan-goleiro-araxaense-ex-dinamo-na-copa-sul-americana","status":"publish","type":"post","link":"http:\/\/blogdoarmindomaia.com.br\/?p=8361","title":{"rendered":"Galo inscreve Estevan goleiro araxaense, ex-D\u00ednamo na Copa Sul-Americana"},"content":{"rendered":"\n<figure class=\"wp-block-image size-large\"><img loading=\"lazy\" decoding=\"async\" width=\"893\" height=\"1024\" src=\"http:\/\/blogdoarmindomaia.com.br\/wp-content\/uploads\/2025\/04\/ESTEVAN-GOLEIROIMG_6648-893x1024.jpg\" alt=\"\" class=\"wp-image-8362\" srcset=\"http:\/\/blogdoarmindomaia.com.br\/wp-content\/uploads\/2025\/04\/ESTEVAN-GOLEIROIMG_6648-893x1024.jpg 893w, http:\/\/blogdoarmindomaia.com.br\/wp-content\/uploads\/2025\/04\/ESTEVAN-GOLEIROIMG_6648-262x300.jpg 262w, http:\/\/blogdoarmindomaia.com.br\/wp-content\/uploads\/2025\/04\/ESTEVAN-GOLEIROIMG_6648-768x880.jpg 768w, http:\/\/blogdoarmindomaia.com.br\/wp-content\/uploads\/2025\/04\/ESTEVAN-GOLEIROIMG_6648.jpg 1169w\" sizes=\"auto, (max-width: 893px) 100vw, 893px\" \/><\/figure>\n\n\n\n<p>A Associa\u00e7\u00e3o Esportiva D\u00ednamo Esporte Clube segue consolidando seu papel como refer\u00eancia na forma\u00e7\u00e3o de atletas para o futebol brasileiro. O goleiro Estevan Luiz Vizcarra Galleguillos, natural de Arax\u00e1 e revelado pelo D\u00ednamo, foi relacionado pelo Atl\u00e9tico Mineiro para a disputa da Copa Sul-Americana 2025.<br><br>Estevan, que assinou seu primeiro contrato profissional com o Galo neste ano, foi inclu\u00eddo na lista oficial de goleiros inscritos pelo clube para a competi\u00e7\u00e3o.<br><br>Aos 17 anos, o arqueiro j\u00e1 possui uma trajet\u00f3ria promissora. Em 2021, com apenas 14 anos, foi titular no Campeonato Mineiro Sub-17, ajudando o D\u00ednamo a alcan\u00e7ar as quartas de final e terminar entre as oito melhores equipes do Estado. Seu desempenho chamou a aten\u00e7\u00e3o do Atl\u00e9tico-MG, que o contratou ainda naquele ano.<br><br>No D\u00ednamo, Estevan fez parte do projeto \u201cD\u00ednamo Formando Atletas e Cidad\u00e3os\u201d, iniciativa apoiada pela Lei de Incentivo ao Esporte, que busca desenvolver jovens talentos dentro e fora dos gramados. O programa j\u00e1 revelou diversos atletas que hoje atuam no futebol profissional.<br><br>O goleiro destaca o impacto que o clube teve em sua forma\u00e7\u00e3o. \u201cNo D\u00ednamo, tive minha primeira grande chance no futebol. Foi l\u00e1 que disputei um Campeonato Mineiro, fui treinado por profissionais que me ajudaram muito e tive uma prepara\u00e7\u00e3o essencial para minha evolu\u00e7\u00e3o. Sou extremamente grato ao clube, pois foi onde tudo come\u00e7ou para mim\u201d, ressaltou.<br><br>O D\u00ednamo oferece um centro de treinamento completo, com academia e uma equipe multidisciplinar composta por profissionais das \u00e1reas de assist\u00eancia social, fisioterapia, psicologia, nutri\u00e7\u00e3o e fisiologia. Al\u00e9m disso, cumpre rigorosamente as exig\u00eancias da Lei Pel\u00e9, garantindo suporte educacional, assist\u00eancia m\u00e9dica e alimenta\u00e7\u00e3o balanceada para seus atletas. Esse compromisso com a forma\u00e7\u00e3o integral j\u00e1 resultou em talentos que conquistaram espa\u00e7o no cen\u00e1rio nacional e internacional.<br><br>Para o coordenador das categorias de base do D\u00ednamo, Rodrigo Siqueira, o trabalho do clube vai al\u00e9m da forma\u00e7\u00e3o esportiva. \u201cNosso objetivo \u00e9 oferecer uma estrutura completa para o desenvolvimento dos jovens, n\u00e3o apenas como atletas, mas tamb\u00e9m como cidad\u00e3os. Al\u00e9m da parte t\u00e9cnica, garantimos suporte educacional, psicol\u00f3gico e nutricional, preparando-os para os desafios dentro e fora do campo\u201d, destaca.<\/p>\n","protected":false},"excerpt":{"rendered":"<p>A Associa\u00e7\u00e3o Esportiva D\u00ednamo Esporte Clube segue consolidando seu papel como refer\u00eancia na forma\u00e7\u00e3o de atletas para o futebol brasileiro.<\/p>\n","protected":false},"author":2,"featured_media":8362,"comment_status":"open","ping_status":"open","sticky":false,"template":"","format":"standard","meta":{"footnotes":""},"categories":[11,15],"tags":[],"class_list":["post-8361","post","type-post","status-publish","format-standard","has-post-thumbnail","hentry","category-destaques","category-esportes"],"_links":{"self":[{"href":"http:\/\/blogdoarmindomaia.com.br\/index.php?rest_route=\/wp\/v2\/posts\/8361","targetHints":{"allow":["GET"]}}],"collection":[{"href":"http:\/\/blogdoarmindomaia.com.br\/index.php?rest_route=\/wp\/v2\/posts"}],"about":[{"href":"http:\/\/blogdoarmindomaia.com.br\/index.php?rest_route=\/wp\/v2\/types\/post"}],"author":[{"embeddable":true,"href":"http:\/\/blogdoarmindomaia.com.br\/index.php?rest_route=\/wp\/v2\/users\/2"}],"replies":[{"embeddable":true,"href":"http:\/\/blogdoarmindomaia.com.br\/index.php?rest_route=%2Fwp%2Fv2%2Fcomments&post=8361"}],"version-history":[{"count":1,"href":"http:\/\/blogdoarmindomaia.com.br\/index.php?rest_route=\/wp\/v2\/posts\/8361\/revisions"}],"predecessor-version":[{"id":8363,"href":"http:\/\/blogdoarmindomaia.com.br\/index.php?rest_route=\/wp\/v2\/posts\/8361\/revisions\/8363"}],"wp:featuredmedia":[{"embeddable":true,"href":"http:\/\/blogdoarmindomaia.com.br\/index.php?rest_route=\/wp\/v2\/media\/8362"}],"wp:attachment":[{"href":"http:\/\/blogdoarmindomaia.com.br\/index.php?rest_route=%2Fwp%2Fv2%2Fmedia&parent=8361"}],"wp:term":[{"taxonomy":"category","embeddable":true,"href":"http:\/\/blogdoarmindomaia.com.br\/index.php?rest_route=%2Fwp%2Fv2%2Fcategories&post=8361"},{"taxonomy":"post_tag","embeddable":true,"href":"http:\/\/blogdoarmindomaia.com.br\/index.php?rest_route=%2Fwp%2Fv2%2Ftags&post=8361"}],"curies":[{"name":"wp","href":"https:\/\/api.w.org\/{rel}","templated":true}]}}