{"id":8389,"date":"2025-04-15T15:25:36","date_gmt":"2025-04-15T18:25:36","guid":{"rendered":"http:\/\/blogdoarmindomaia.com.br\/?p=8389"},"modified":"2025-04-15T15:25:36","modified_gmt":"2025-04-15T18:25:36","slug":"posse-de-4-novos-secretarios-da-inicio-a-reforma-administrativa-na-prefeitura-de-araxa","status":"publish","type":"post","link":"http:\/\/blogdoarmindomaia.com.br\/?p=8389","title":{"rendered":"Posse de 4 novos secret\u00e1rios, d\u00e1 in\u00edcio a reforma administrativa na Prefeitura de Arax\u00e1"},"content":{"rendered":"\n<figure class=\"wp-block-image size-large\"><img loading=\"lazy\" decoding=\"async\" width=\"1024\" height=\"576\" src=\"http:\/\/blogdoarmindomaia.com.br\/wp-content\/uploads\/2025\/04\/Posse-de-4-novos-secretarios-da-inicio-a-reforma-administrativa-na-Prefeitura-pag-08-1024x576.jpeg\" alt=\"\" class=\"wp-image-8390\" srcset=\"http:\/\/blogdoarmindomaia.com.br\/wp-content\/uploads\/2025\/04\/Posse-de-4-novos-secretarios-da-inicio-a-reforma-administrativa-na-Prefeitura-pag-08-1024x576.jpeg 1024w, http:\/\/blogdoarmindomaia.com.br\/wp-content\/uploads\/2025\/04\/Posse-de-4-novos-secretarios-da-inicio-a-reforma-administrativa-na-Prefeitura-pag-08-300x169.jpeg 300w, http:\/\/blogdoarmindomaia.com.br\/wp-content\/uploads\/2025\/04\/Posse-de-4-novos-secretarios-da-inicio-a-reforma-administrativa-na-Prefeitura-pag-08-768x432.jpeg 768w, http:\/\/blogdoarmindomaia.com.br\/wp-content\/uploads\/2025\/04\/Posse-de-4-novos-secretarios-da-inicio-a-reforma-administrativa-na-Prefeitura-pag-08-1536x864.jpeg 1536w, http:\/\/blogdoarmindomaia.com.br\/wp-content\/uploads\/2025\/04\/Posse-de-4-novos-secretarios-da-inicio-a-reforma-administrativa-na-Prefeitura-pag-08.jpeg 1600w\" sizes=\"auto, (max-width: 1024px) 100vw, 1024px\" \/><\/figure>\n\n\n\n<p>A reestrutura\u00e7\u00e3o administrativa, aprovada recentemente pela C\u00e2mara Municipal, marca o in\u00edcio de uma nova fase na gest\u00e3o p\u00fablica da cidade, com foco na moderniza\u00e7\u00e3o, efici\u00eancia e prepara\u00e7\u00e3o para os desafios futuros. A reforma resultou na cria\u00e7\u00e3o de quatro novas secretarias, com o objetivo de tornar a atua\u00e7\u00e3o do poder p\u00fablico mais segmentada e especializada, promovendo maior agilidade e qualidade nos servi\u00e7os oferecidos \u00e0 popula\u00e7\u00e3o. A solenidade de posse foi na \u00faltima ter\u00e7a feira (15). Segundo o prefeito Robson Magela \u201c a cria\u00e7\u00e3o dessas secretarias \u00e9 o reflexo do nosso compromisso com a moderniza\u00e7\u00e3o, a inova\u00e7\u00e3o, a efici\u00eancia e o desenvolvimento sustent\u00e1vel\u201d.<br><br>Secretaria Municipal de Meio Ambiente<br>Vin\u00edcius Santos Martins assume interinamente a Secretaria Municipal de Meio Ambiente. Graduado em Ci\u00eancias Biol\u00f3gicas, com especializa\u00e7\u00e3o em Per\u00edcia, Auditoria e Gest\u00e3o Ambiental, e MBA em ESG, acumula mais de 20 anos de atua\u00e7\u00e3o no setor ambiental, em institui\u00e7\u00f5es p\u00fablicas e privadas. Atualmente \u00e9 superintendente do Instituto de Planejamento e Desenvolvimento Sustent\u00e1vel de Arax\u00e1 (IPDSA) e tem sua trajet\u00f3ria marcada pela gest\u00e3o estrat\u00e9gica, lideran\u00e7a de equipes t\u00e9cnicas e compromisso com o desenvolvimento sustent\u00e1vel.<br><br>Secretaria Municipal de Turismo<br>Alda Sandra Barbosa Marques retorna \u00e0 gest\u00e3o p\u00fablica como secret\u00e1ria municipal de Turismo. Empres\u00e1ria h\u00e1 mais de 30 anos e formada em Magist\u00e9rio, tem forte atua\u00e7\u00e3o no fomento ao desenvolvimento econ\u00f4mico e ao turismo em Arax\u00e1. Foi secret\u00e1ria de Desenvolvimento Econ\u00f4mico, Turismo e Parcerias por dois mandatos consecutivos, al\u00e9m de fundadora e ex-presidente da CDL Arax\u00e1. Alda \u00e9 reconhecida por idealizar eventos como a Feira Comercial e a Copa CDL de Futsal, e recebeu o M\u00e9rito Tur\u00edstico da AITMAP e uma premia\u00e7\u00e3o em Santa Catarina entre as 50 melhores secret\u00e1rias do Brasil. Seu objetivo agora \u00e9 consolidar Arax\u00e1 como destino tur\u00edstico de destaque nacional.<br><br>Secretaria Municipal de Inova\u00e7\u00e3o e Tecnologia<br>Fabiano Santos Cunha assume a Secretaria Municipal de Inova\u00e7\u00e3o e Tecnologia. Natural de Arax\u00e1, \u00e9 formado em Com\u00e9rcio Exterior e Administra\u00e7\u00e3o, com experi\u00eancia em comunica\u00e7\u00e3o p\u00fablica, como assessor e chefe de gabinete. Foi vereador por dois mandatos, presidente da C\u00e2mara por duas vezes e \u00e9 empres\u00e1rio no setor da constru\u00e7\u00e3o civil. J\u00e1 atuou na CBMM e no Instituto de Desenvolvimento Industrial (INDI). \u00c9 entusiasta do esporte e do ciclismo, premiado com o Colar de Ouro do Instituto Tiradentes e a Medalha Calmon Barreto.<br><br>Secretaria Municipal de Gest\u00e3o<br>Francisco Lamartine Leit\u00e3o J\u00fanior, o Chico Leit\u00e3o, passa a comandar a Secretaria Municipal de Gest\u00e3o. Formado em Direito pela UFU, com especializa\u00e7\u00e3o em Hist\u00f3ria e em Processo Civil, tem longa trajet\u00f3ria na gest\u00e3o p\u00fablica. Foi secret\u00e1rio municipal de Governo e Administra\u00e7\u00e3o entre 1997 e 2000, respons\u00e1vel por avan\u00e7os como a realiza\u00e7\u00e3o do primeiro concurso p\u00fablico e a implanta\u00e7\u00e3o do gatilho salarial. Atuou tamb\u00e9m como superintendente de Administra\u00e7\u00e3o e Recursos Humanos (2021-2025) e possui experi\u00eancia no setor privado.<\/p>\n","protected":false},"excerpt":{"rendered":"<p>A reestrutura\u00e7\u00e3o administrativa, aprovada recentemente pela C\u00e2mara Municipal, marca o in\u00edcio de uma nova fase na gest\u00e3o p\u00fablica da cidade,<\/p>\n","protected":false},"author":2,"featured_media":8390,"comment_status":"open","ping_status":"open","sticky":false,"template":"","format":"standard","meta":{"footnotes":""},"categories":[9,11],"tags":[],"class_list":["post-8389","post","type-post","status-publish","format-standard","has-post-thumbnail","hentry","category-araxa","category-destaques"],"_links":{"self":[{"href":"http:\/\/blogdoarmindomaia.com.br\/index.php?rest_route=\/wp\/v2\/posts\/8389","targetHints":{"allow":["GET"]}}],"collection":[{"href":"http:\/\/blogdoarmindomaia.com.br\/index.php?rest_route=\/wp\/v2\/posts"}],"about":[{"href":"http:\/\/blogdoarmindomaia.com.br\/index.php?rest_route=\/wp\/v2\/types\/post"}],"author":[{"embeddable":true,"href":"http:\/\/blogdoarmindomaia.com.br\/index.php?rest_route=\/wp\/v2\/users\/2"}],"replies":[{"embeddable":true,"href":"http:\/\/blogdoarmindomaia.com.br\/index.php?rest_route=%2Fwp%2Fv2%2Fcomments&post=8389"}],"version-history":[{"count":1,"href":"http:\/\/blogdoarmindomaia.com.br\/index.php?rest_route=\/wp\/v2\/posts\/8389\/revisions"}],"predecessor-version":[{"id":8391,"href":"http:\/\/blogdoarmindomaia.com.br\/index.php?rest_route=\/wp\/v2\/posts\/8389\/revisions\/8391"}],"wp:featuredmedia":[{"embeddable":true,"href":"http:\/\/blogdoarmindomaia.com.br\/index.php?rest_route=\/wp\/v2\/media\/8390"}],"wp:attachment":[{"href":"http:\/\/blogdoarmindomaia.com.br\/index.php?rest_route=%2Fwp%2Fv2%2Fmedia&parent=8389"}],"wp:term":[{"taxonomy":"category","embeddable":true,"href":"http:\/\/blogdoarmindomaia.com.br\/index.php?rest_route=%2Fwp%2Fv2%2Fcategories&post=8389"},{"taxonomy":"post_tag","embeddable":true,"href":"http:\/\/blogdoarmindomaia.com.br\/index.php?rest_route=%2Fwp%2Fv2%2Ftags&post=8389"}],"curies":[{"name":"wp","href":"https:\/\/api.w.org\/{rel}","templated":true}]}}