{"id":8415,"date":"2025-04-22T16:12:05","date_gmt":"2025-04-22T19:12:05","guid":{"rendered":"http:\/\/blogdoarmindomaia.com.br\/?p=8415"},"modified":"2025-04-22T16:12:06","modified_gmt":"2025-04-22T19:12:06","slug":"morre-aos-88-anos-o-papa-francisco","status":"publish","type":"post","link":"http:\/\/blogdoarmindomaia.com.br\/?p=8415","title":{"rendered":"Morre aos 88 anos, o Papa Francisco"},"content":{"rendered":"\n<figure class=\"wp-block-image size-full\"><img loading=\"lazy\" decoding=\"async\" width=\"768\" height=\"480\" src=\"http:\/\/blogdoarmindomaia.com.br\/wp-content\/uploads\/2025\/04\/Morre-aos-88-anos-o-Papa-Francisco-pag-09.jpeg\" alt=\"\" class=\"wp-image-8416\" srcset=\"http:\/\/blogdoarmindomaia.com.br\/wp-content\/uploads\/2025\/04\/Morre-aos-88-anos-o-Papa-Francisco-pag-09.jpeg 768w, http:\/\/blogdoarmindomaia.com.br\/wp-content\/uploads\/2025\/04\/Morre-aos-88-anos-o-Papa-Francisco-pag-09-300x188.jpeg 300w\" sizes=\"auto, (max-width: 768px) 100vw, 768px\" \/><\/figure>\n\n\n\n<p>Morreu na \u00faltima\u00a0 segunda-feira (21\/04), aos 88 anos,\u00a0<a href=\"https:\/\/www.bbc.com\/portuguese\/topics\/c5qvpqyk75yt\">o papa Francisco<\/a>, primeiro papa sul-americano e jesu\u00edta da hist\u00f3ria da Igreja Cat\u00f3lica. Segundo o Vaticano, as causas da morte foram um acidente vascular cerebral (AVC), seguido de um quadro de insufici\u00eancia card\u00edaca irrevers\u00edvel. O pont\u00edfice faleceu em sua resid\u00eancia no Vaticano, Casa Santa Marta. Jorge Mario Bergoglio nasceu em Buenos Aires, na Argentina, em 1936. Ele virou padre aos 32 anos, foi arcebispo de Buenos Aires, e se tornou o Papa Francisco aos 76 anos, em 2013. O nome foi escolhido pelo argentino como\u00a0<a href=\"https:\/\/www.bbc.com\/portuguese\/internacional-55965481\">homenagem a S\u00e3o Francisco de Assis, um santo associado ao compromisso com os mais pobres<\/a>. O sepultamento do Papa ser\u00e1 neste s\u00e1bado na Bas\u00edlica de Santa Maria Maior, em Roma, uma das suas igrejas favoritas. O conclave que \u00e9 o processo para a escolha do seu sucessor dever\u00e1 ter in\u00edcio ap\u00f3s o sepultamento de Francisco. Sete cardeais\u00a0 brasileiros v\u00e3o participar do conclave.<\/p>\n","protected":false},"excerpt":{"rendered":"<p>Morreu na \u00faltima\u00a0 segunda-feira (21\/04), aos 88 anos,\u00a0o papa Francisco, primeiro papa sul-americano e jesu\u00edta da hist\u00f3ria da Igreja Cat\u00f3lica.<\/p>\n","protected":false},"author":2,"featured_media":8416,"comment_status":"open","ping_status":"open","sticky":false,"template":"","format":"standard","meta":{"footnotes":""},"categories":[9,11],"tags":[],"class_list":["post-8415","post","type-post","status-publish","format-standard","has-post-thumbnail","hentry","category-araxa","category-destaques"],"_links":{"self":[{"href":"http:\/\/blogdoarmindomaia.com.br\/index.php?rest_route=\/wp\/v2\/posts\/8415","targetHints":{"allow":["GET"]}}],"collection":[{"href":"http:\/\/blogdoarmindomaia.com.br\/index.php?rest_route=\/wp\/v2\/posts"}],"about":[{"href":"http:\/\/blogdoarmindomaia.com.br\/index.php?rest_route=\/wp\/v2\/types\/post"}],"author":[{"embeddable":true,"href":"http:\/\/blogdoarmindomaia.com.br\/index.php?rest_route=\/wp\/v2\/users\/2"}],"replies":[{"embeddable":true,"href":"http:\/\/blogdoarmindomaia.com.br\/index.php?rest_route=%2Fwp%2Fv2%2Fcomments&post=8415"}],"version-history":[{"count":1,"href":"http:\/\/blogdoarmindomaia.com.br\/index.php?rest_route=\/wp\/v2\/posts\/8415\/revisions"}],"predecessor-version":[{"id":8417,"href":"http:\/\/blogdoarmindomaia.com.br\/index.php?rest_route=\/wp\/v2\/posts\/8415\/revisions\/8417"}],"wp:featuredmedia":[{"embeddable":true,"href":"http:\/\/blogdoarmindomaia.com.br\/index.php?rest_route=\/wp\/v2\/media\/8416"}],"wp:attachment":[{"href":"http:\/\/blogdoarmindomaia.com.br\/index.php?rest_route=%2Fwp%2Fv2%2Fmedia&parent=8415"}],"wp:term":[{"taxonomy":"category","embeddable":true,"href":"http:\/\/blogdoarmindomaia.com.br\/index.php?rest_route=%2Fwp%2Fv2%2Fcategories&post=8415"},{"taxonomy":"post_tag","embeddable":true,"href":"http:\/\/blogdoarmindomaia.com.br\/index.php?rest_route=%2Fwp%2Fv2%2Ftags&post=8415"}],"curies":[{"name":"wp","href":"https:\/\/api.w.org\/{rel}","templated":true}]}}