{"id":8429,"date":"2025-04-29T16:31:57","date_gmt":"2025-04-29T19:31:57","guid":{"rendered":"http:\/\/blogdoarmindomaia.com.br\/?p=8429"},"modified":"2025-04-29T16:31:57","modified_gmt":"2025-04-29T19:31:57","slug":"cbmm-prorroga-o-prazo-de-inscricao-do-programa-vai-que-da-araxa","status":"publish","type":"post","link":"http:\/\/blogdoarmindomaia.com.br\/?p=8429","title":{"rendered":"CBMM prorroga o prazo de inscri\u00e7\u00e3o do programa \u201cVai que d\u00e1 Arax\u00e1\u201d\u00a0"},"content":{"rendered":"\n<figure class=\"wp-block-image size-large\"><img loading=\"lazy\" decoding=\"async\" width=\"1024\" height=\"343\" src=\"http:\/\/blogdoarmindomaia.com.br\/wp-content\/uploads\/2025\/04\/CBMM-prorroga-o-prazo-de-inscricao-do-programa-pag-10-1024x343.png\" alt=\"\" class=\"wp-image-8430\" srcset=\"http:\/\/blogdoarmindomaia.com.br\/wp-content\/uploads\/2025\/04\/CBMM-prorroga-o-prazo-de-inscricao-do-programa-pag-10-1024x343.png 1024w, http:\/\/blogdoarmindomaia.com.br\/wp-content\/uploads\/2025\/04\/CBMM-prorroga-o-prazo-de-inscricao-do-programa-pag-10-300x100.png 300w, http:\/\/blogdoarmindomaia.com.br\/wp-content\/uploads\/2025\/04\/CBMM-prorroga-o-prazo-de-inscricao-do-programa-pag-10-768x257.png 768w, http:\/\/blogdoarmindomaia.com.br\/wp-content\/uploads\/2025\/04\/CBMM-prorroga-o-prazo-de-inscricao-do-programa-pag-10.png 1166w\" sizes=\"auto, (max-width: 1024px) 100vw, 1024px\" \/><\/figure>\n\n\n\n<p>Inscri\u00e7\u00e3o para projeto de apoio ao empreendedorismo local vai at\u00e9 dia <strong>6 de junho<\/strong>&nbsp;&nbsp;<\/p>\n\n\n\n<p>Empreender \u00e9 o sonho de milhares de brasileiros, mas os desafios na jornada empreendedora s\u00e3o muitos. Desde a defini\u00e7\u00e3o do escopo do neg\u00f3cio at\u00e9 a gest\u00e3o dos custos, as etapas rumo ao sucesso costumam deixar muita gente pelo caminho. Entre as principais dificuldades, o investimento ocupa o primeiro lugar na lista. Para auxiliar a caminhada dos empreendedores de Arax\u00e1, a CBMM decidiu prorrogar as inscri\u00e7\u00f5es para o \u201cVai que d\u00e1 Arax\u00e1\u201d, projeto de fomento ao empreendedorismo baseado nas voca\u00e7\u00f5es regionais.&nbsp;<\/p>\n\n\n\n<p>O novo prazo vai at\u00e9 o dia <strong>seis de junho<\/strong>, um m\u00eas a mais do que a data inicialmente definida. Segundo a gerente de Sustentabilidade da CBMM, Chris Canavero, a extens\u00e3o do prazo foi uma forma de dar mais tempo para ler o edital, organizar documentos e esclarecer d\u00favidas. \u201cEntendemos que todo empreendedor acumula v\u00e1rias fun\u00e7\u00f5es dentro do pr\u00f3prio neg\u00f3cio, por isso decidimos prorrogar o prazo para que os interessados possam realizar todo o processo de inscri\u00e7\u00e3o com crit\u00e9rio e tranquilidade\u201d, ressaltou.&nbsp;&nbsp;<\/p>\n\n\n\n<p>O programa vai destinar R$ 50.000,00 (cinquenta mil reais) para o desenvolvimento dos neg\u00f3cios, al\u00e9m de consultorias e mentorias em gest\u00e3o empresarial durante todo o per\u00edodo do programa. Podem se inscrever no \u201cVai que d\u00e1 Arax\u00e1\u201d pessoas jur\u00eddicas de direito privado, com e sem fins lucrativos, que se enquadrem como Microempreendedor Individual (MEI), Microempresa (ME), Empresa de Pequeno Porte (EPP), cooperativas e associa\u00e7\u00f5es que ofere\u00e7am solu\u00e7\u00f5es para preserva\u00e7\u00e3o de recursos naturais ou para servi\u00e7os que impulsionam a economia local. Os neg\u00f3cios precisam estar sediados em Arax\u00e1, MG, possuir, no m\u00ednimo, dois anos de opera\u00e7\u00e3o com faturamento comprovado e estarem alinhados com os seguintes focos de atua\u00e7\u00e3o: gastronomia, turismo ou artesanato&nbsp;<\/p>\n","protected":false},"excerpt":{"rendered":"<p>Inscri\u00e7\u00e3o para projeto de apoio ao empreendedorismo local vai at\u00e9 dia 6 de junho&nbsp;&nbsp; Empreender \u00e9 o sonho de milhares<\/p>\n","protected":false},"author":2,"featured_media":8430,"comment_status":"open","ping_status":"open","sticky":false,"template":"","format":"standard","meta":{"footnotes":""},"categories":[9,11],"tags":[],"class_list":["post-8429","post","type-post","status-publish","format-standard","has-post-thumbnail","hentry","category-araxa","category-destaques"],"_links":{"self":[{"href":"http:\/\/blogdoarmindomaia.com.br\/index.php?rest_route=\/wp\/v2\/posts\/8429","targetHints":{"allow":["GET"]}}],"collection":[{"href":"http:\/\/blogdoarmindomaia.com.br\/index.php?rest_route=\/wp\/v2\/posts"}],"about":[{"href":"http:\/\/blogdoarmindomaia.com.br\/index.php?rest_route=\/wp\/v2\/types\/post"}],"author":[{"embeddable":true,"href":"http:\/\/blogdoarmindomaia.com.br\/index.php?rest_route=\/wp\/v2\/users\/2"}],"replies":[{"embeddable":true,"href":"http:\/\/blogdoarmindomaia.com.br\/index.php?rest_route=%2Fwp%2Fv2%2Fcomments&post=8429"}],"version-history":[{"count":1,"href":"http:\/\/blogdoarmindomaia.com.br\/index.php?rest_route=\/wp\/v2\/posts\/8429\/revisions"}],"predecessor-version":[{"id":8431,"href":"http:\/\/blogdoarmindomaia.com.br\/index.php?rest_route=\/wp\/v2\/posts\/8429\/revisions\/8431"}],"wp:featuredmedia":[{"embeddable":true,"href":"http:\/\/blogdoarmindomaia.com.br\/index.php?rest_route=\/wp\/v2\/media\/8430"}],"wp:attachment":[{"href":"http:\/\/blogdoarmindomaia.com.br\/index.php?rest_route=%2Fwp%2Fv2%2Fmedia&parent=8429"}],"wp:term":[{"taxonomy":"category","embeddable":true,"href":"http:\/\/blogdoarmindomaia.com.br\/index.php?rest_route=%2Fwp%2Fv2%2Fcategories&post=8429"},{"taxonomy":"post_tag","embeddable":true,"href":"http:\/\/blogdoarmindomaia.com.br\/index.php?rest_route=%2Fwp%2Fv2%2Ftags&post=8429"}],"curies":[{"name":"wp","href":"https:\/\/api.w.org\/{rel}","templated":true}]}}