{"id":8460,"date":"2025-05-15T16:02:37","date_gmt":"2025-05-15T19:02:37","guid":{"rendered":"http:\/\/blogdoarmindomaia.com.br\/?p=8460"},"modified":"2025-05-15T16:02:38","modified_gmt":"2025-05-15T19:02:38","slug":"mais-de-1-300-pessoas-se-vacinaram-contra-a-gripe-no-dia-d-em-araxa","status":"publish","type":"post","link":"http:\/\/blogdoarmindomaia.com.br\/?p=8460","title":{"rendered":"Mais de 1.300 pessoas se vacinaram contra a gripe no Dia D em Arax\u00e1"},"content":{"rendered":"\n<figure class=\"wp-block-image size-large\"><img loading=\"lazy\" decoding=\"async\" width=\"1024\" height=\"768\" src=\"http:\/\/blogdoarmindomaia.com.br\/wp-content\/uploads\/2025\/05\/Mais-de-1.300-pessoas-se-vacinaram-contra-a-gripe-no-Dia-D-em-Araxa-pag-03-1024x768.jpeg\" alt=\"\" class=\"wp-image-8461\" srcset=\"http:\/\/blogdoarmindomaia.com.br\/wp-content\/uploads\/2025\/05\/Mais-de-1.300-pessoas-se-vacinaram-contra-a-gripe-no-Dia-D-em-Araxa-pag-03-1024x768.jpeg 1024w, http:\/\/blogdoarmindomaia.com.br\/wp-content\/uploads\/2025\/05\/Mais-de-1.300-pessoas-se-vacinaram-contra-a-gripe-no-Dia-D-em-Araxa-pag-03-300x225.jpeg 300w, http:\/\/blogdoarmindomaia.com.br\/wp-content\/uploads\/2025\/05\/Mais-de-1.300-pessoas-se-vacinaram-contra-a-gripe-no-Dia-D-em-Araxa-pag-03-768x576.jpeg 768w, http:\/\/blogdoarmindomaia.com.br\/wp-content\/uploads\/2025\/05\/Mais-de-1.300-pessoas-se-vacinaram-contra-a-gripe-no-Dia-D-em-Araxa-pag-03-1536x1152.jpeg 1536w, http:\/\/blogdoarmindomaia.com.br\/wp-content\/uploads\/2025\/05\/Mais-de-1.300-pessoas-se-vacinaram-contra-a-gripe-no-Dia-D-em-Araxa-pag-03-2048x1536.jpeg 2048w\" sizes=\"auto, (max-width: 1024px) 100vw, 1024px\" \/><\/figure>\n\n\n\n<p>A Secretaria Municipal de Sa\u00fade realizou no \u00faltimo s\u00e1bado (10) o Dia D da Vacina\u00e7\u00e3o, com foco principal na imuniza\u00e7\u00e3o contra a gripe. Ao todo, 1.551 doses de vacinas foram aplicadas nas seis unidades de sa\u00fade participantes, sendo 1.304 exclusivamente contra a Influenza. A mobiliza\u00e7\u00e3o teve boa ades\u00e3o da popula\u00e7\u00e3o em geral, mas a procura ainda \u00e9 considerada baixa entre os grupos priorit\u00e1rios, especialmente gestantes, idosos e crian\u00e7as menores de seis anos, que integram o p\u00fablico-alvo da campanha. A meta \u00e9 vacinar pelo menos 90% desses grupos. A coordenadora de Imuniza\u00e7\u00e3o de Arax\u00e1, \u00c9rica Fonseca, destaca que a mobiliza\u00e7\u00e3o foi bem-sucedida, mas enfatiza que os grupos priorit\u00e1rios devem aumentar sua participa\u00e7\u00e3o. \u201cA popula\u00e7\u00e3o compareceu em bom n\u00famero e o Dia D foi muito positivo. A maior procura foi do p\u00fablico geral, o que \u00e9 bom, mas ainda precisamos que os grupos priorit\u00e1rios, principalmente as gestantes, estejam mais presentes e procurem a vacina contra a gripe\u201d, alerta. Al\u00e9m da vacina contra a influenza, outras 247 doses de diversos imunizantes foram aplicadas durante a a\u00e7\u00e3o, incluindo Pentavalente, VIP, Pneumo 10, Rotav\u00edrus, Febre Amarela, Tr\u00edplice Viral, ACW, Dupla Adulto, Hepatites A e B, DTPA, DTP, HPV, Dengue, Covid-19, Meningite C e Tetraviral. A vacina\u00e7\u00e3o contra a gripe segue normalmente durante a semana em oito unidades de sa\u00fade de Arax\u00e1. Para receber a dose, basta apresentar um documento com foto e a caderneta de vacina\u00e7\u00e3o.<br><br><br><\/p>\n","protected":false},"excerpt":{"rendered":"<p>A Secretaria Municipal de Sa\u00fade realizou no \u00faltimo s\u00e1bado (10) o Dia D da Vacina\u00e7\u00e3o, com foco principal na imuniza\u00e7\u00e3o<\/p>\n","protected":false},"author":2,"featured_media":0,"comment_status":"open","ping_status":"open","sticky":false,"template":"","format":"standard","meta":{"footnotes":""},"categories":[9,11],"tags":[],"class_list":["post-8460","post","type-post","status-publish","format-standard","hentry","category-araxa","category-destaques"],"_links":{"self":[{"href":"http:\/\/blogdoarmindomaia.com.br\/index.php?rest_route=\/wp\/v2\/posts\/8460","targetHints":{"allow":["GET"]}}],"collection":[{"href":"http:\/\/blogdoarmindomaia.com.br\/index.php?rest_route=\/wp\/v2\/posts"}],"about":[{"href":"http:\/\/blogdoarmindomaia.com.br\/index.php?rest_route=\/wp\/v2\/types\/post"}],"author":[{"embeddable":true,"href":"http:\/\/blogdoarmindomaia.com.br\/index.php?rest_route=\/wp\/v2\/users\/2"}],"replies":[{"embeddable":true,"href":"http:\/\/blogdoarmindomaia.com.br\/index.php?rest_route=%2Fwp%2Fv2%2Fcomments&post=8460"}],"version-history":[{"count":1,"href":"http:\/\/blogdoarmindomaia.com.br\/index.php?rest_route=\/wp\/v2\/posts\/8460\/revisions"}],"predecessor-version":[{"id":8462,"href":"http:\/\/blogdoarmindomaia.com.br\/index.php?rest_route=\/wp\/v2\/posts\/8460\/revisions\/8462"}],"wp:attachment":[{"href":"http:\/\/blogdoarmindomaia.com.br\/index.php?rest_route=%2Fwp%2Fv2%2Fmedia&parent=8460"}],"wp:term":[{"taxonomy":"category","embeddable":true,"href":"http:\/\/blogdoarmindomaia.com.br\/index.php?rest_route=%2Fwp%2Fv2%2Fcategories&post=8460"},{"taxonomy":"post_tag","embeddable":true,"href":"http:\/\/blogdoarmindomaia.com.br\/index.php?rest_route=%2Fwp%2Fv2%2Ftags&post=8460"}],"curies":[{"name":"wp","href":"https:\/\/api.w.org\/{rel}","templated":true}]}}