{"id":8474,"date":"2025-05-23T11:02:48","date_gmt":"2025-05-23T14:02:48","guid":{"rendered":"http:\/\/blogdoarmindomaia.com.br\/?p=8474"},"modified":"2025-05-23T11:02:49","modified_gmt":"2025-05-23T14:02:49","slug":"ecosense-realiza-campeonato-regional-de-volei-de-praia-com-apoio-da-federacao-mineira","status":"publish","type":"post","link":"http:\/\/blogdoarmindomaia.com.br\/?p=8474","title":{"rendered":"Ecosense realiza Campeonato Regional de V\u00f4lei de Praia com apoio da Federa\u00e7\u00e3o Mineira"},"content":{"rendered":"\n<figure class=\"wp-block-image size-large\"><img loading=\"lazy\" decoding=\"async\" width=\"1024\" height=\"682\" src=\"http:\/\/blogdoarmindomaia.com.br\/wp-content\/uploads\/2025\/05\/Ecosense-realiza-Campeonato-Regional-de-Volei-de-Praia-pag-06-1024x682.jpg\" alt=\"\" class=\"wp-image-8475\" srcset=\"http:\/\/blogdoarmindomaia.com.br\/wp-content\/uploads\/2025\/05\/Ecosense-realiza-Campeonato-Regional-de-Volei-de-Praia-pag-06-1024x682.jpg 1024w, http:\/\/blogdoarmindomaia.com.br\/wp-content\/uploads\/2025\/05\/Ecosense-realiza-Campeonato-Regional-de-Volei-de-Praia-pag-06-300x200.jpg 300w, http:\/\/blogdoarmindomaia.com.br\/wp-content\/uploads\/2025\/05\/Ecosense-realiza-Campeonato-Regional-de-Volei-de-Praia-pag-06-768x512.jpg 768w, http:\/\/blogdoarmindomaia.com.br\/wp-content\/uploads\/2025\/05\/Ecosense-realiza-Campeonato-Regional-de-Volei-de-Praia-pag-06.jpg 1280w\" sizes=\"auto, (max-width: 1024px) 100vw, 1024px\" \/><\/figure>\n\n\n\n<p>O esporte e a integra\u00e7\u00e3o tomam conta do Tri\u00e2ngulo Mineiro nos dias 6, 7 e 8 de junho com o aguardado Campeonato Regional de V\u00f4lei de Praia realizado pela Ecosense. O evento conta com 8 categorias entre quartetos, duplas e a realiza\u00e7\u00e3o das seletivas sub-15, sub-17 e sub-19 com apoio da Federa\u00e7\u00e3o Mineira de V\u00f4lei. As partidas come\u00e7am no dia 06 de junho, uma sexta-feira, a partir das 18h, com as categorias dupla mista 35+ e dupla mista. No dia 07, s\u00e1bado, a partir das 9h, entram em quadra as categorias sub-15, sub-17 e sub-19, al\u00e9m das duplas femininas e masculinas. J\u00e1 no domingo, dia 08 de junho, tamb\u00e9m \u00e0s 9h, o destaque vai para o Festival Infanto Juvenil e os jogos dos quartetos mistos iniciante e intermedi\u00e1rio, com a forma\u00e7\u00e3o obrigat\u00f3ria de 1 mulher e 3 homens em quadra, al\u00e9m de duas reservas. A Ecosense realiza campeonatos de v\u00f4lei de praia h\u00e1 4 anos. De acordo com Patr\u00edcia Mo\u00e7o, CEO da Ecosense, receber mais uma vez um evento assim refor\u00e7a o compromisso da marca com o desenvolvimento dos atletas de categorias de base. \u201cAbrigar o torneio \u00e9 uma conquista para n\u00f3s, e ela reafirma o compromisso que temos com a forma\u00e7\u00e3o de base. Al\u00e9m disso, nos coloca como um importante polo do v\u00f4lei de praia mineiro, contribuindo para o fortalecimento da modalidade em todo o estado\u201d, comenta Patr\u00edcia. O Campeonato ainda conta com o patroc\u00ednio da Sicoob Crediara e Hipper Cal\u00e7ados, al\u00e9m de parceria com a Page e a Max Clean para refor\u00e7ar a relev\u00e2ncia do evento para a cidade de Arax\u00e1 e regi\u00e3o, que se coloca na rota da Federa\u00e7\u00e3o Mineira.<\/p>\n\n\n\n<p>\u201cEstou certa de que o Campeonato Regional de V\u00f4lei de Praia Ecosense se consolida como uma iniciativa que valoriza o esporte, incentiva novos talentos e fortalece os la\u00e7os comunit\u00e1rios por meio da pr\u00e1tica esportiva. Estamos muito animados!&#8221;, conclui Mo\u00e7o. As inscri\u00e7\u00f5es podem ser feitas at\u00e9 o dia 2 de junho pelo n\u00famero (34) 99903 9941 em recebimento por pix, dinheiro ou cart\u00e3o em at\u00e9 2x e devem ser realizadas por equipe, n\u00e3o individualmente. Os 100 primeiros inscritos ganhar\u00e3o um kit atleta com camisa personalizada. Haver\u00e1 medalhas para os tr\u00eas primeiros colocados de cada categoria, al\u00e9m de premia\u00e7\u00f5es em dinheiro e brindes.<\/p>\n\n\n\n<p><strong>instagram:<\/strong><strong> <\/strong><a href=\"https:\/\/www.instagram.com\/espacoecosense\/\"><u>https:\/\/www.instagram.com\/espacoecosense\/<\/u><\/a><\/p>\n\n\n\n<p><\/p>\n","protected":false},"excerpt":{"rendered":"<p>O esporte e a integra\u00e7\u00e3o tomam conta do Tri\u00e2ngulo Mineiro nos dias 6, 7 e 8 de junho com o<\/p>\n","protected":false},"author":2,"featured_media":8475,"comment_status":"open","ping_status":"open","sticky":false,"template":"","format":"standard","meta":{"footnotes":""},"categories":[9,10],"tags":[],"class_list":["post-8474","post","type-post","status-publish","format-standard","has-post-thumbnail","hentry","category-araxa","category-denuncia"],"_links":{"self":[{"href":"http:\/\/blogdoarmindomaia.com.br\/index.php?rest_route=\/wp\/v2\/posts\/8474","targetHints":{"allow":["GET"]}}],"collection":[{"href":"http:\/\/blogdoarmindomaia.com.br\/index.php?rest_route=\/wp\/v2\/posts"}],"about":[{"href":"http:\/\/blogdoarmindomaia.com.br\/index.php?rest_route=\/wp\/v2\/types\/post"}],"author":[{"embeddable":true,"href":"http:\/\/blogdoarmindomaia.com.br\/index.php?rest_route=\/wp\/v2\/users\/2"}],"replies":[{"embeddable":true,"href":"http:\/\/blogdoarmindomaia.com.br\/index.php?rest_route=%2Fwp%2Fv2%2Fcomments&post=8474"}],"version-history":[{"count":1,"href":"http:\/\/blogdoarmindomaia.com.br\/index.php?rest_route=\/wp\/v2\/posts\/8474\/revisions"}],"predecessor-version":[{"id":8476,"href":"http:\/\/blogdoarmindomaia.com.br\/index.php?rest_route=\/wp\/v2\/posts\/8474\/revisions\/8476"}],"wp:featuredmedia":[{"embeddable":true,"href":"http:\/\/blogdoarmindomaia.com.br\/index.php?rest_route=\/wp\/v2\/media\/8475"}],"wp:attachment":[{"href":"http:\/\/blogdoarmindomaia.com.br\/index.php?rest_route=%2Fwp%2Fv2%2Fmedia&parent=8474"}],"wp:term":[{"taxonomy":"category","embeddable":true,"href":"http:\/\/blogdoarmindomaia.com.br\/index.php?rest_route=%2Fwp%2Fv2%2Fcategories&post=8474"},{"taxonomy":"post_tag","embeddable":true,"href":"http:\/\/blogdoarmindomaia.com.br\/index.php?rest_route=%2Fwp%2Fv2%2Ftags&post=8474"}],"curies":[{"name":"wp","href":"https:\/\/api.w.org\/{rel}","templated":true}]}}