{"id":8477,"date":"2025-05-23T11:07:16","date_gmt":"2025-05-23T14:07:16","guid":{"rendered":"http:\/\/blogdoarmindomaia.com.br\/?p=8477"},"modified":"2025-05-23T11:07:17","modified_gmt":"2025-05-23T14:07:17","slug":"leilao-do-hotel-colombo-nao-teve-interessado","status":"publish","type":"post","link":"http:\/\/blogdoarmindomaia.com.br\/?p=8477","title":{"rendered":"Leil\u00e3o do Hotel Colombo n\u00e3o teve interessado"},"content":{"rendered":"\n<figure class=\"wp-block-image size-large\"><img loading=\"lazy\" decoding=\"async\" width=\"1024\" height=\"576\" src=\"http:\/\/blogdoarmindomaia.com.br\/wp-content\/uploads\/2025\/05\/Leilao-do-Hotel-Colombo-nao-teve-interessado-pag-08-1024x576.jpg\" alt=\"\" class=\"wp-image-8478\" srcset=\"http:\/\/blogdoarmindomaia.com.br\/wp-content\/uploads\/2025\/05\/Leilao-do-Hotel-Colombo-nao-teve-interessado-pag-08-1024x576.jpg 1024w, http:\/\/blogdoarmindomaia.com.br\/wp-content\/uploads\/2025\/05\/Leilao-do-Hotel-Colombo-nao-teve-interessado-pag-08-300x169.jpg 300w, http:\/\/blogdoarmindomaia.com.br\/wp-content\/uploads\/2025\/05\/Leilao-do-Hotel-Colombo-nao-teve-interessado-pag-08-768x432.jpg 768w, http:\/\/blogdoarmindomaia.com.br\/wp-content\/uploads\/2025\/05\/Leilao-do-Hotel-Colombo-nao-teve-interessado-pag-08.jpg 1280w\" sizes=\"auto, (max-width: 1024px) 100vw, 1024px\" \/><\/figure>\n\n\n\n<p>Foi conclu\u00eddo na \u00faltima quarta-feira, dia 21 de maio, o processo do leil\u00e3o eletr\u00f4nico do pr\u00e9dio e \u00e1reas do antigo Hotel Colombo localizado no Parque do Barreiro em Arax\u00e1. A informa\u00e7\u00e3o foi confirmada pela empresa GP Leil\u00f5es, respons\u00e1vel pela realiza\u00e7\u00e3o do leil\u00e3o eletr\u00f4nico por meio do site <a href=\"http:\/\/www.gpleiloes.com.br\">www.gpleiloes.com.br<\/a>.<\/p>\n\n\n\n<p>O im\u00f3vel foi colocado em leil\u00e3o pela Prefeitura de Arax\u00e1, com um lance m\u00ednimo inicial de R$ 2.665.250,00, mas de acordo com a GP Leil\u00f5es, nenhuma proposta foi registrada durante o certame, o que resultou na n\u00e3o concretiza\u00e7\u00e3o da venda do im\u00f3vel.<\/p>\n\n\n\n<p>O pr\u00e9dio do antigo Hotel Colombo, tem uma \u00e1rea de 7.615 metros quadrados. O Hotel Colombo abrigou, por um per\u00edodo, reparti\u00e7\u00f5es da Prefeitura durante a gest\u00e3o do ex-prefeito Dr. Jeov\u00e1 Moreira da Costa.<\/p>\n\n\n\n<p>A <strong>Prefeitura de Arax\u00e1 se manifestou por meio de nota:<\/strong><\/p>\n\n\n\n<p><em>\u201cA Prefeitura de Arax\u00e1 informa que o leil\u00e3o do Hotel Colombo foi encerrado sem lances. Diante disso, a Administra\u00e7\u00e3o est\u00e1 avaliando as possibilidades legais de reabertura do certame.<\/em><\/p>\n\n\n\n<p><em>Al\u00e9m dessa alternativa, a Prefeitura tamb\u00e9m estuda formas de aproveitamento do Hotel Colombo e de outros im\u00f3veis p\u00fablicos n\u00e3o utilizados, como a casa localizada na Rua Claudovino Rosa, no bairro S\u00e3o Geraldo.<\/em><\/p>\n\n\n\n<p><em>Todas as decis\u00f5es ser\u00e3o tomadas com responsabilidade, respeitando os tr\u00e2mites legais e visando sempre o interesse da popula\u00e7\u00e3o\u201d.<\/em><\/p>\n\n\n\n<p><\/p>\n\n\n\n<figure class=\"wp-block-image size-full\"><img loading=\"lazy\" decoding=\"async\" width=\"300\" height=\"410\" src=\"http:\/\/blogdoarmindomaia.com.br\/wp-content\/uploads\/2025\/05\/Ney-Dutra-engenheiro-e-empresario.png\" alt=\"\" class=\"wp-image-8479\" srcset=\"http:\/\/blogdoarmindomaia.com.br\/wp-content\/uploads\/2025\/05\/Ney-Dutra-engenheiro-e-empresario.png 300w, http:\/\/blogdoarmindomaia.com.br\/wp-content\/uploads\/2025\/05\/Ney-Dutra-engenheiro-e-empresario-220x300.png 220w\" sizes=\"auto, (max-width: 300px) 100vw, 300px\" \/><\/figure>\n\n\n\n<p><em>A reportagem do Jornal Intera\u00e7\u00e3o conversou com o engenheiro civil e empres\u00e1rio do setor imobili\u00e1rio de Arax\u00e1, Ney Dutra, sobre o leil\u00e3o do Hotel Colombo. Ele disse que, \u201c\u00e9 um processo com caracter\u00edsticas peculiares que precisam ser avaliadas.&nbsp; As vezes por ser um pr\u00e9dio tombado pelo patrim\u00f4nio hist\u00f3rico, existem alguns procedimentos a serem cumpridos. Outro fator \u00e9 a situa\u00e7\u00e3o da estrutura do pr\u00e9dio abandonado e depredado.\u201d&nbsp;<\/em><\/p>\n\n\n\n<p><em>&nbsp;No caso do valor do &nbsp;im\u00f3vel, eu acho o pre\u00e7o inicial do leil\u00e3o razo\u00e1vel. A localiza\u00e7\u00e3o do im\u00f3vel no Barreiro e a hist\u00f3ria que que existe por traz daquele cen\u00e1rio, s\u00e3o incr\u00edveis.\u201d&nbsp; Ainda de acordo com Ney Dutra, &nbsp;\u201cna minha opini\u00e3o, muitos empres\u00e1rios, antes de&nbsp; investirem num neg\u00f3cio como este, ele analisa o mercado e projeta lucros futuros e tamb\u00e9m o que teria que aplicar na recupera\u00e7\u00e3o e reforma do im\u00f3vel. E certas limita\u00e7\u00f5es impostas na legisla\u00e7\u00e3o do patrim\u00f4nio tombado, as vezes gera riscos e limita o poder do investidor, que sempre visa lucros\u201d. Finalizando o engenheiro, afirmou que, \u201ccertamente, o im\u00f3vel ser\u00e1 colocado em leil\u00e3o de novo e vai atrair interessados, pois s\u00f3 a localiza\u00e7\u00e3o do pr\u00e9dio j\u00e1 \u00e9 um grande atrativo.\u201d&nbsp;&nbsp;&nbsp; &nbsp;&nbsp;&nbsp;&nbsp;&nbsp;&nbsp;&nbsp;<\/em><\/p>\n\n\n\n<p><\/p>\n","protected":false},"excerpt":{"rendered":"<p>Foi conclu\u00eddo na \u00faltima quarta-feira, dia 21 de maio, o processo do leil\u00e3o eletr\u00f4nico do pr\u00e9dio e \u00e1reas do antigo<\/p>\n","protected":false},"author":2,"featured_media":8478,"comment_status":"open","ping_status":"open","sticky":false,"template":"","format":"standard","meta":{"footnotes":""},"categories":[9,11],"tags":[],"class_list":["post-8477","post","type-post","status-publish","format-standard","has-post-thumbnail","hentry","category-araxa","category-destaques"],"_links":{"self":[{"href":"http:\/\/blogdoarmindomaia.com.br\/index.php?rest_route=\/wp\/v2\/posts\/8477","targetHints":{"allow":["GET"]}}],"collection":[{"href":"http:\/\/blogdoarmindomaia.com.br\/index.php?rest_route=\/wp\/v2\/posts"}],"about":[{"href":"http:\/\/blogdoarmindomaia.com.br\/index.php?rest_route=\/wp\/v2\/types\/post"}],"author":[{"embeddable":true,"href":"http:\/\/blogdoarmindomaia.com.br\/index.php?rest_route=\/wp\/v2\/users\/2"}],"replies":[{"embeddable":true,"href":"http:\/\/blogdoarmindomaia.com.br\/index.php?rest_route=%2Fwp%2Fv2%2Fcomments&post=8477"}],"version-history":[{"count":1,"href":"http:\/\/blogdoarmindomaia.com.br\/index.php?rest_route=\/wp\/v2\/posts\/8477\/revisions"}],"predecessor-version":[{"id":8480,"href":"http:\/\/blogdoarmindomaia.com.br\/index.php?rest_route=\/wp\/v2\/posts\/8477\/revisions\/8480"}],"wp:featuredmedia":[{"embeddable":true,"href":"http:\/\/blogdoarmindomaia.com.br\/index.php?rest_route=\/wp\/v2\/media\/8478"}],"wp:attachment":[{"href":"http:\/\/blogdoarmindomaia.com.br\/index.php?rest_route=%2Fwp%2Fv2%2Fmedia&parent=8477"}],"wp:term":[{"taxonomy":"category","embeddable":true,"href":"http:\/\/blogdoarmindomaia.com.br\/index.php?rest_route=%2Fwp%2Fv2%2Fcategories&post=8477"},{"taxonomy":"post_tag","embeddable":true,"href":"http:\/\/blogdoarmindomaia.com.br\/index.php?rest_route=%2Fwp%2Fv2%2Ftags&post=8477"}],"curies":[{"name":"wp","href":"https:\/\/api.w.org\/{rel}","templated":true}]}}