{"id":8481,"date":"2025-05-23T11:08:53","date_gmt":"2025-05-23T14:08:53","guid":{"rendered":"http:\/\/blogdoarmindomaia.com.br\/?p=8481"},"modified":"2025-05-23T11:08:54","modified_gmt":"2025-05-23T14:08:54","slug":"ciclista-radicado-em-araxa-e-campeao-mundial-na-australia","status":"publish","type":"post","link":"http:\/\/blogdoarmindomaia.com.br\/?p=8481","title":{"rendered":"Ciclista radicado em Arax\u00e1 \u00e9 campe\u00e3o mundial na Austr\u00e1lia"},"content":{"rendered":"\n<figure class=\"wp-block-image size-full\"><img loading=\"lazy\" decoding=\"async\" width=\"901\" height=\"911\" src=\"http:\/\/blogdoarmindomaia.com.br\/wp-content\/uploads\/2025\/05\/Ciclista-radicado-em-Araxa-e-campeao-mundial-na-Australia-pag-06.jpeg\" alt=\"\" class=\"wp-image-8482\" srcset=\"http:\/\/blogdoarmindomaia.com.br\/wp-content\/uploads\/2025\/05\/Ciclista-radicado-em-Araxa-e-campeao-mundial-na-Australia-pag-06.jpeg 901w, http:\/\/blogdoarmindomaia.com.br\/wp-content\/uploads\/2025\/05\/Ciclista-radicado-em-Araxa-e-campeao-mundial-na-Australia-pag-06-297x300.jpeg 297w, http:\/\/blogdoarmindomaia.com.br\/wp-content\/uploads\/2025\/05\/Ciclista-radicado-em-Araxa-e-campeao-mundial-na-Australia-pag-06-768x777.jpeg 768w\" sizes=\"auto, (max-width: 901px) 100vw, 901px\" \/><\/figure>\n\n\n\n<p>O fim de semana foi de muita comemora\u00e7\u00e3o para os brasileiros que competiram no Campeonato Mundial UCI Cross Country de Masters, realizado no sub\u00farbio de Smithfield, na regi\u00e3o de Cairns, na Austr\u00e1lia. Entre 12 atletas que atravessaram o mundo e largaram vestindo o uniforme da sele\u00e7\u00e3o brasileira de mountain bike, tr\u00eas deles saemr da Oceania com o prazer de poder vestir a camisa arco-\u00edris de campe\u00e3o mundial: O hexacampe\u00e3o da CiMTB na elite, Rubinho Valeriano, Diego Vincentini e Meire Lilian.<\/p>\n\n\n\n<p>Em seu primeiro ano competindo na Master, Rubinho Valeriano foi o mais r\u00e1pido da categoria entre 45-49 anos, ao completar as 6 voltas com um tempo total de 1h18min12, registrando assim o melhor tempo entre os atletas de tr\u00eas categorias que tiveram a realiza\u00e7\u00e3o de 6 voltas. J\u00e1 Diego Vincentini garantiu seu t\u00edtulo de campe\u00e3o mundial na categoria 35-39 completando as 6 voltas em 1h21min34. O terceiro t\u00edtulo mundial para o Brasil veio com Meire Lilian, em sua segunda camisa arco-\u00edris consecutiva na 35-39, completando 5 voltas em 1h21min22. Sua categoria foi a \u00fanica feminina a completar 5 voltas.<\/p>\n\n\n\n<p>Maior campe\u00e3o da Copa Internacional de Mountain Bike entre os homens da elite, tendo vencido a classifica\u00e7\u00e3o geral do evento em 2008, 2009, 2010, 2011, 2012 e 2015, Rubinho come\u00e7ou com tudo no seu ano de estreia na Master. \u201cProva com um percurso que contava com uma subida bem dura logo no in\u00edcio, mais de 2 minutos subindo com pedra, raiz e cotovelos. Depois, descia at\u00e9 chegar no rock garden. A segunda parte ia at\u00e9 a \u00e1rea de apoio, depois a terceira parte ia at\u00e9 a chegada\u201d, explica Rubinho, atleta radicado em Arax\u00e1, a capital nacional do mountain bike.<\/p>\n\n\n\n<p>\u201cMeu principal advers\u00e1rio foi o espanhol Patxi Cia Apezteguia, que come\u00e7ou muito forte a corrida e logo no in\u00edcio abriu mais de 100 metros de dist\u00e2ncia para mim. Ciente de que eram seis voltas e estava muito calor e \u00famido, preferi ficar na defensiva, deixando ele ir sozinho. Ainda na primeira volta, consegui chegar nele na descida do Caracol e ficamos juntos por tr\u00eas voltas. Vi que na subida ele estava forte, mas n\u00e3o descia muito bem, achando o ponto fraco dele. Na terceira volta, na subida ele errou batendo o pedal e pude perceber que estava cansado. Na quarta volta, fui para cima e ultrapassei ele, abrindo inicialmente 20 segundos. Da\u00ed em diante, foi cuidado com o equipamento, abrindo mais tempo na quinta e sexta volta, com mais 15 segundos em cada uma\u201d, contou Rubinho Valeriano. \u201cForam muitos anos batalhando, para conquistar uma medalha t\u00e3o sonhada como a de campe\u00e3o mundial. Sei que na elite era muito dif\u00edcil, mas tive o prazer de conquist\u00e1-la na master. Representei o Brasil em Jogos Ol\u00edmpicos e agora fui campe\u00e3o mundial. Sonhava com isso desde 1997, 1998 quando comecei a competir\u201d, finalizou.<\/p>\n","protected":false},"excerpt":{"rendered":"<p>O fim de semana foi de muita comemora\u00e7\u00e3o para os brasileiros que competiram no Campeonato Mundial UCI Cross Country de<\/p>\n","protected":false},"author":2,"featured_media":8482,"comment_status":"open","ping_status":"open","sticky":false,"template":"","format":"standard","meta":{"footnotes":""},"categories":[9,11],"tags":[],"class_list":["post-8481","post","type-post","status-publish","format-standard","has-post-thumbnail","hentry","category-araxa","category-destaques"],"_links":{"self":[{"href":"http:\/\/blogdoarmindomaia.com.br\/index.php?rest_route=\/wp\/v2\/posts\/8481","targetHints":{"allow":["GET"]}}],"collection":[{"href":"http:\/\/blogdoarmindomaia.com.br\/index.php?rest_route=\/wp\/v2\/posts"}],"about":[{"href":"http:\/\/blogdoarmindomaia.com.br\/index.php?rest_route=\/wp\/v2\/types\/post"}],"author":[{"embeddable":true,"href":"http:\/\/blogdoarmindomaia.com.br\/index.php?rest_route=\/wp\/v2\/users\/2"}],"replies":[{"embeddable":true,"href":"http:\/\/blogdoarmindomaia.com.br\/index.php?rest_route=%2Fwp%2Fv2%2Fcomments&post=8481"}],"version-history":[{"count":1,"href":"http:\/\/blogdoarmindomaia.com.br\/index.php?rest_route=\/wp\/v2\/posts\/8481\/revisions"}],"predecessor-version":[{"id":8483,"href":"http:\/\/blogdoarmindomaia.com.br\/index.php?rest_route=\/wp\/v2\/posts\/8481\/revisions\/8483"}],"wp:featuredmedia":[{"embeddable":true,"href":"http:\/\/blogdoarmindomaia.com.br\/index.php?rest_route=\/wp\/v2\/media\/8482"}],"wp:attachment":[{"href":"http:\/\/blogdoarmindomaia.com.br\/index.php?rest_route=%2Fwp%2Fv2%2Fmedia&parent=8481"}],"wp:term":[{"taxonomy":"category","embeddable":true,"href":"http:\/\/blogdoarmindomaia.com.br\/index.php?rest_route=%2Fwp%2Fv2%2Fcategories&post=8481"},{"taxonomy":"post_tag","embeddable":true,"href":"http:\/\/blogdoarmindomaia.com.br\/index.php?rest_route=%2Fwp%2Fv2%2Ftags&post=8481"}],"curies":[{"name":"wp","href":"https:\/\/api.w.org\/{rel}","templated":true}]}}