{"id":8487,"date":"2025-05-23T11:15:20","date_gmt":"2025-05-23T14:15:20","guid":{"rendered":"http:\/\/blogdoarmindomaia.com.br\/?p=8487"},"modified":"2025-05-23T11:15:20","modified_gmt":"2025-05-23T14:15:20","slug":"eu-quero-ser-livre-com-voce-o-novo-clipe-de-carol-moura","status":"publish","type":"post","link":"http:\/\/blogdoarmindomaia.com.br\/?p=8487","title":{"rendered":"\u201cEu Quero Ser Livre Com Voc\u00ea\u201d: O novo Clipe de Carol Moura"},"content":{"rendered":"\n<figure class=\"wp-block-image size-large\"><img loading=\"lazy\" decoding=\"async\" width=\"1024\" height=\"683\" src=\"http:\/\/blogdoarmindomaia.com.br\/wp-content\/uploads\/2025\/05\/Eu-Quero-Ser-Livre-Com-Voce-O-novo-Clipe-de-Carol-Moura-pag-16-1024x683.jpg\" alt=\"\" class=\"wp-image-8488\" srcset=\"http:\/\/blogdoarmindomaia.com.br\/wp-content\/uploads\/2025\/05\/Eu-Quero-Ser-Livre-Com-Voce-O-novo-Clipe-de-Carol-Moura-pag-16-1024x683.jpg 1024w, http:\/\/blogdoarmindomaia.com.br\/wp-content\/uploads\/2025\/05\/Eu-Quero-Ser-Livre-Com-Voce-O-novo-Clipe-de-Carol-Moura-pag-16-300x200.jpg 300w, http:\/\/blogdoarmindomaia.com.br\/wp-content\/uploads\/2025\/05\/Eu-Quero-Ser-Livre-Com-Voce-O-novo-Clipe-de-Carol-Moura-pag-16-768x513.jpg 768w, http:\/\/blogdoarmindomaia.com.br\/wp-content\/uploads\/2025\/05\/Eu-Quero-Ser-Livre-Com-Voce-O-novo-Clipe-de-Carol-Moura-pag-16.jpg 1290w\" sizes=\"auto, (max-width: 1024px) 100vw, 1024px\" \/><\/figure>\n\n\n\n<p><\/p>\n\n\n\n<p>O clipe \u201cEu Quero Ser Livre Com Voc\u00ea\u201d, da artista Carol Moura, \u00e9 uma produ\u00e7\u00e3o realizada com o apoio da Lei Paulo Gustavo, Prefeitura de Arax\u00e1 e Funda\u00e7\u00e3o Calmon Barreto. Gravado inteiramente em loca\u00e7\u00f5es hist\u00f3ricas e pontos tur\u00edsticos da cidade, o clipe faz um verdadeiro passeio pelas paisagens encantadoras de Arax\u00e1, valorizando suas ra\u00edzes culturais e seu patrim\u00f4nio tombado.<\/p>\n\n\n\n<figure class=\"wp-block-image size-large\"><img loading=\"lazy\" decoding=\"async\" width=\"1024\" height=\"768\" src=\"http:\/\/blogdoarmindomaia.com.br\/wp-content\/uploads\/2025\/05\/Oficina-de-musicalidade-no-CEMEI-1024x768.jpg\" alt=\"\" class=\"wp-image-8489\" srcset=\"http:\/\/blogdoarmindomaia.com.br\/wp-content\/uploads\/2025\/05\/Oficina-de-musicalidade-no-CEMEI-1024x768.jpg 1024w, http:\/\/blogdoarmindomaia.com.br\/wp-content\/uploads\/2025\/05\/Oficina-de-musicalidade-no-CEMEI-300x225.jpg 300w, http:\/\/blogdoarmindomaia.com.br\/wp-content\/uploads\/2025\/05\/Oficina-de-musicalidade-no-CEMEI-768x576.jpg 768w, http:\/\/blogdoarmindomaia.com.br\/wp-content\/uploads\/2025\/05\/Oficina-de-musicalidade-no-CEMEI-1536x1152.jpg 1536w, http:\/\/blogdoarmindomaia.com.br\/wp-content\/uploads\/2025\/05\/Oficina-de-musicalidade-no-CEMEI.jpg 1600w\" sizes=\"auto, (max-width: 1024px) 100vw, 1024px\" \/><\/figure>\n\n\n\n<p>Dirigido e fotografado por Drigo Diniz, o projeto contou com uma equipe talentosa, incluindo roteiristas, produtores executivos, IPs, profissionais de maquiagem e making of, todos comprometidos em trazer \u00e0 tela a ess\u00eancia da liberdade e da inclus\u00e3o.<\/p>\n\n\n\n<p>Com um olhar sens\u00edvel para a diversidade, o clipe apresenta diferentes formas de amor &nbsp;e conex\u00f5es humanas, celebrando as muitas maneiras de viver e amar. Ele aborda a import\u00e2ncia do respeito e da inclus\u00e3o, representando pessoas e hist\u00f3rias que muitas vezes s\u00e3o invisibilizadas, como casais de diferentes culturas, casais homoafetivos, pessoas com defici\u00eancia, fam\u00edlias n\u00e3o tradicionais e a beleza da solitude \u2013 a liberdade de encontrar a felicidade em si mesmo.<\/p>\n\n\n\n<p>Esse trabalho \u00e9 uma forma de retribui\u00e7\u00e3o ao carinho que Arax\u00e1 sempre demonstrou pela artista, transformando cada cena em uma homenagem \u00e0 cidade e \u00e0 sua hist\u00f3ria.<\/p>\n\n\n\n<p>Assista ao clipe e embarque nessa jornada de amor e liberdade.<\/p>\n\n\n\n<p>O trabalho est\u00e1 dispon\u00edvel em quatro formatos, trazendo o m\u00e1ximo de acessibilidade para as pessoas.&nbsp; O projeto tamb\u00e9m \u00e9 traduzido em libras, \u00e1udio com descri\u00e7\u00e3o e legenda descritiva.<\/p>\n\n\n\n<p>A artista tamb\u00e9m realizou uma apresenta\u00e7\u00e3o aberta ao p\u00fablico de Arax\u00e1 na sede da Funda\u00e7\u00e3o Cultural Calmon Barreto, e ofertou &nbsp;de gra\u00e7a, oficinas de musicaliza\u00e7\u00e3o infantil no CEMEI do Bairro S\u00e3o Geraldo.<\/p>\n","protected":false},"excerpt":{"rendered":"<p>O clipe \u201cEu Quero Ser Livre Com Voc\u00ea\u201d, da artista Carol Moura, \u00e9 uma produ\u00e7\u00e3o realizada com o apoio da<\/p>\n","protected":false},"author":2,"featured_media":8488,"comment_status":"open","ping_status":"open","sticky":false,"template":"","format":"standard","meta":{"footnotes":""},"categories":[9,11],"tags":[],"class_list":["post-8487","post","type-post","status-publish","format-standard","has-post-thumbnail","hentry","category-araxa","category-destaques"],"_links":{"self":[{"href":"http:\/\/blogdoarmindomaia.com.br\/index.php?rest_route=\/wp\/v2\/posts\/8487","targetHints":{"allow":["GET"]}}],"collection":[{"href":"http:\/\/blogdoarmindomaia.com.br\/index.php?rest_route=\/wp\/v2\/posts"}],"about":[{"href":"http:\/\/blogdoarmindomaia.com.br\/index.php?rest_route=\/wp\/v2\/types\/post"}],"author":[{"embeddable":true,"href":"http:\/\/blogdoarmindomaia.com.br\/index.php?rest_route=\/wp\/v2\/users\/2"}],"replies":[{"embeddable":true,"href":"http:\/\/blogdoarmindomaia.com.br\/index.php?rest_route=%2Fwp%2Fv2%2Fcomments&post=8487"}],"version-history":[{"count":1,"href":"http:\/\/blogdoarmindomaia.com.br\/index.php?rest_route=\/wp\/v2\/posts\/8487\/revisions"}],"predecessor-version":[{"id":8490,"href":"http:\/\/blogdoarmindomaia.com.br\/index.php?rest_route=\/wp\/v2\/posts\/8487\/revisions\/8490"}],"wp:featuredmedia":[{"embeddable":true,"href":"http:\/\/blogdoarmindomaia.com.br\/index.php?rest_route=\/wp\/v2\/media\/8488"}],"wp:attachment":[{"href":"http:\/\/blogdoarmindomaia.com.br\/index.php?rest_route=%2Fwp%2Fv2%2Fmedia&parent=8487"}],"wp:term":[{"taxonomy":"category","embeddable":true,"href":"http:\/\/blogdoarmindomaia.com.br\/index.php?rest_route=%2Fwp%2Fv2%2Fcategories&post=8487"},{"taxonomy":"post_tag","embeddable":true,"href":"http:\/\/blogdoarmindomaia.com.br\/index.php?rest_route=%2Fwp%2Fv2%2Ftags&post=8487"}],"curies":[{"name":"wp","href":"https:\/\/api.w.org\/{rel}","templated":true}]}}