{"id":849,"date":"2022-05-17T16:23:31","date_gmt":"2022-05-17T19:23:31","guid":{"rendered":"http:\/\/blogdoarmindomaia.com.br\/?p=849"},"modified":"2022-05-17T16:23:55","modified_gmt":"2022-05-17T19:23:55","slug":"3a-edicao-do-programa-prefeitura-no-bairro-sera-no-bairro-santo-antonio","status":"publish","type":"post","link":"http:\/\/blogdoarmindomaia.com.br\/?p=849","title":{"rendered":"<strong>3\u00aa Edi\u00e7\u00e3o do programa Prefeitura no Bairro ser\u00e1 no bairro Santo Ant\u00f4nio<br><br><\/strong>"},"content":{"rendered":"\n<figure class=\"wp-block-image size-full\"><img loading=\"lazy\" decoding=\"async\" width=\"800\" height=\"533\" src=\"http:\/\/blogdoarmindomaia.com.br\/wp-content\/uploads\/2022\/05\/3a-Edicao-do-programa-Prefeitura-no-Bairro-sera-no-bairro-Santo-Antonio-pag-08.jpeg\" alt=\"\" class=\"wp-image-850\" srcset=\"http:\/\/blogdoarmindomaia.com.br\/wp-content\/uploads\/2022\/05\/3a-Edicao-do-programa-Prefeitura-no-Bairro-sera-no-bairro-Santo-Antonio-pag-08.jpeg 800w, http:\/\/blogdoarmindomaia.com.br\/wp-content\/uploads\/2022\/05\/3a-Edicao-do-programa-Prefeitura-no-Bairro-sera-no-bairro-Santo-Antonio-pag-08-300x200.jpeg 300w, http:\/\/blogdoarmindomaia.com.br\/wp-content\/uploads\/2022\/05\/3a-Edicao-do-programa-Prefeitura-no-Bairro-sera-no-bairro-Santo-Antonio-pag-08-768x512.jpeg 768w\" sizes=\"auto, (max-width: 800px) 100vw, 800px\" \/><\/figure>\n\n\n\n<p>Os moradores do Setor Leste de Arax\u00e1 v\u00e3o receber a 3\u00aa edi\u00e7\u00e3o do programa Prefeitura no Bairro. O evento acontecer\u00e1 no dia 28 de maio (s\u00e1bado), na Pra\u00e7a C\u00e9lia Montandon (Pra\u00e7a das Mangueiras). O local, que possui estrutura para realiza\u00e7\u00e3o de atividades f\u00edsicas e fechamento do entorno para oferecer mais conforto e seguran\u00e7a, vai disponibilizar mais de 40 servi\u00e7os gratuitos \u00e0 popula\u00e7\u00e3o.<br><br>Vacina\u00e7\u00e3o contra a Covid-19, orienta\u00e7\u00e3o para a abertura de empresas, acesso a programas sociais, atividades esportivas e outras a\u00e7\u00f5es v\u00e3o levar a\u00e7\u00f5es e projetos da Administra\u00e7\u00e3o Municipal mais pr\u00f3ximo ao cidad\u00e3o e tornar mais eficiente as estrat\u00e9gias de atendimento da gest\u00e3o p\u00fablica. Por meio de um canal de comunica\u00e7\u00e3o direto com a popula\u00e7\u00e3o, o Prefeitura no Bairro colocar\u00e1 \u00e0 disposi\u00e7\u00e3o da comunidade todo o suporte da Administra\u00e7\u00e3o Municipal.<br><br>O programa levar\u00e1 atendimentos nas \u00e1reas de A\u00e7\u00e3o Social, Sa\u00fade, Seguran\u00e7a, Cidadania, Infraestrutura, Direitos Humanos, Acolhimento \u00e0 Mulher, Educa\u00e7\u00e3o, Meio Ambiente, Trabalho e Emprego, Habita\u00e7\u00e3o, Cultura, Esporte, Lazer e Agricultura. O Gabinete do Prefeito e a Secretaria Municipal de Governo tamb\u00e9m estar\u00e3o \u00e0 disposi\u00e7\u00e3o para ouvir as demandas dos cidad\u00e3os. O programa prev\u00ea um evento peri\u00f3dico, uma vez por m\u00eas, e contemplar\u00e1 todas as regi\u00f5es do munic\u00edpio.<br><br>A \u00faltima edi\u00e7\u00e3o do programa Prefeitura no Bairro reuniu cerca de 1.200 pessoas na Escola Municipal Auxiliadora Paiva, no bairro Boa Vista. O evento levou como novidade a apresenta\u00e7\u00e3o do grupo de Mo\u00e7ambique Mocidade Verde e Branco e a presen\u00e7a da turma do Programa Educacional de Resist\u00eancia \u00e0s Drogas (Proerd), desenvolvido pela Pol\u00edcia Militar.<br><\/p>\n","protected":false},"excerpt":{"rendered":"<p>Os moradores do Setor Leste de Arax\u00e1 v\u00e3o receber a 3\u00aa edi\u00e7\u00e3o do programa Prefeitura no Bairro. O evento acontecer\u00e1<\/p>\n","protected":false},"author":2,"featured_media":850,"comment_status":"open","ping_status":"open","sticky":false,"template":"","format":"standard","meta":{"footnotes":""},"categories":[9,11],"tags":[],"class_list":["post-849","post","type-post","status-publish","format-standard","has-post-thumbnail","hentry","category-araxa","category-destaques"],"_links":{"self":[{"href":"http:\/\/blogdoarmindomaia.com.br\/index.php?rest_route=\/wp\/v2\/posts\/849","targetHints":{"allow":["GET"]}}],"collection":[{"href":"http:\/\/blogdoarmindomaia.com.br\/index.php?rest_route=\/wp\/v2\/posts"}],"about":[{"href":"http:\/\/blogdoarmindomaia.com.br\/index.php?rest_route=\/wp\/v2\/types\/post"}],"author":[{"embeddable":true,"href":"http:\/\/blogdoarmindomaia.com.br\/index.php?rest_route=\/wp\/v2\/users\/2"}],"replies":[{"embeddable":true,"href":"http:\/\/blogdoarmindomaia.com.br\/index.php?rest_route=%2Fwp%2Fv2%2Fcomments&post=849"}],"version-history":[{"count":1,"href":"http:\/\/blogdoarmindomaia.com.br\/index.php?rest_route=\/wp\/v2\/posts\/849\/revisions"}],"predecessor-version":[{"id":851,"href":"http:\/\/blogdoarmindomaia.com.br\/index.php?rest_route=\/wp\/v2\/posts\/849\/revisions\/851"}],"wp:featuredmedia":[{"embeddable":true,"href":"http:\/\/blogdoarmindomaia.com.br\/index.php?rest_route=\/wp\/v2\/media\/850"}],"wp:attachment":[{"href":"http:\/\/blogdoarmindomaia.com.br\/index.php?rest_route=%2Fwp%2Fv2%2Fmedia&parent=849"}],"wp:term":[{"taxonomy":"category","embeddable":true,"href":"http:\/\/blogdoarmindomaia.com.br\/index.php?rest_route=%2Fwp%2Fv2%2Fcategories&post=849"},{"taxonomy":"post_tag","embeddable":true,"href":"http:\/\/blogdoarmindomaia.com.br\/index.php?rest_route=%2Fwp%2Fv2%2Ftags&post=849"}],"curies":[{"name":"wp","href":"https:\/\/api.w.org\/{rel}","templated":true}]}}