{"id":8500,"date":"2025-06-05T12:18:20","date_gmt":"2025-06-05T15:18:20","guid":{"rendered":"http:\/\/blogdoarmindomaia.com.br\/?p=8500"},"modified":"2025-06-05T12:18:21","modified_gmt":"2025-06-05T15:18:21","slug":"lancamento-do-documentario-tramas-que-compartilha-as-experiencias-de-vida-de-um-grupo-de-tecelas-de-araxa","status":"publish","type":"post","link":"http:\/\/blogdoarmindomaia.com.br\/?p=8500","title":{"rendered":"Lan\u00e7amento do Document\u00e1rio \u201cTramas\u201d, que compartilha as experi\u00eancias de vida de um grupo de tecel\u00e3s de Arax\u00e1"},"content":{"rendered":"\n<figure class=\"wp-block-image size-large\"><img loading=\"lazy\" decoding=\"async\" width=\"1024\" height=\"576\" src=\"http:\/\/blogdoarmindomaia.com.br\/wp-content\/uploads\/2025\/06\/70251966-bf4c-408b-b3b7-12d33e1bb4eb-1024x576.jpg\" alt=\"\" class=\"wp-image-8501\" srcset=\"http:\/\/blogdoarmindomaia.com.br\/wp-content\/uploads\/2025\/06\/70251966-bf4c-408b-b3b7-12d33e1bb4eb-1024x576.jpg 1024w, http:\/\/blogdoarmindomaia.com.br\/wp-content\/uploads\/2025\/06\/70251966-bf4c-408b-b3b7-12d33e1bb4eb-300x169.jpg 300w, http:\/\/blogdoarmindomaia.com.br\/wp-content\/uploads\/2025\/06\/70251966-bf4c-408b-b3b7-12d33e1bb4eb-768x432.jpg 768w, http:\/\/blogdoarmindomaia.com.br\/wp-content\/uploads\/2025\/06\/70251966-bf4c-408b-b3b7-12d33e1bb4eb-1536x864.jpg 1536w, http:\/\/blogdoarmindomaia.com.br\/wp-content\/uploads\/2025\/06\/70251966-bf4c-408b-b3b7-12d33e1bb4eb-2048x1152.jpg 2048w\" sizes=\"auto, (max-width: 1024px) 100vw, 1024px\" \/><\/figure>\n\n\n\n<p>Estreia o filme Tramas, uma produ\u00e7\u00e3o da Fita Amarela Filmes com apoio da Prefeitura Municipal de Arax\u00e1 e Funda\u00e7\u00e3o Calmon Barreto e Realiza\u00e7\u00e3o da Lei Paulo Gustavo e Minist\u00e9rio da Cultura. O filme foi escrito e dirigido por J\u00fania Teixeira e Marcus Faria Franco.<\/p>\n\n\n\n<figure class=\"wp-block-image size-large\"><img loading=\"lazy\" decoding=\"async\" width=\"1024\" height=\"548\" src=\"http:\/\/blogdoarmindomaia.com.br\/wp-content\/uploads\/2025\/06\/8bffc1b4-ccb5-4d4b-9d2d-4391b2b5d2c7-1024x548.jpg\" alt=\"\" class=\"wp-image-8502\" srcset=\"http:\/\/blogdoarmindomaia.com.br\/wp-content\/uploads\/2025\/06\/8bffc1b4-ccb5-4d4b-9d2d-4391b2b5d2c7-1024x548.jpg 1024w, http:\/\/blogdoarmindomaia.com.br\/wp-content\/uploads\/2025\/06\/8bffc1b4-ccb5-4d4b-9d2d-4391b2b5d2c7-300x161.jpg 300w, http:\/\/blogdoarmindomaia.com.br\/wp-content\/uploads\/2025\/06\/8bffc1b4-ccb5-4d4b-9d2d-4391b2b5d2c7-768x411.jpg 768w, http:\/\/blogdoarmindomaia.com.br\/wp-content\/uploads\/2025\/06\/8bffc1b4-ccb5-4d4b-9d2d-4391b2b5d2c7-1536x822.jpg 1536w, http:\/\/blogdoarmindomaia.com.br\/wp-content\/uploads\/2025\/06\/8bffc1b4-ccb5-4d4b-9d2d-4391b2b5d2c7.jpg 1803w\" sizes=\"auto, (max-width: 1024px) 100vw, 1024px\" \/><\/figure>\n\n\n\n<p>\u00a0SINOPSE: \u201cEm Arax\u00e1, um grupo de tecel\u00e3s compartilha suas experi\u00eancias de uma vida tramando tecidos. Essas mulheres mant\u00eam a tradi\u00e7\u00e3o secular do tear manual, que algum dia foi a \u00fanica forma de acesso a tecidos na regi\u00e3o. Ap\u00f3s uma vida entre urdiduras, fios e tramas, elas agora contam a sua hist\u00f3ria. O filme mostra o quanto elas s\u00e3o artistas (e sabem disso) enquanto registra as t\u00e9cnicas e os saberes que em breve podem deixar de existir.\u201d Fazem parte do document\u00e1rio as tecel\u00e3s Irene Teodora dos Reis, Maria do Carmo de Castro, Maria Lu\u00edsa de Alvarenga (Tilil\u00eda), Ol\u00edvia Mara Borges, Solange Aparecida Borges e Teresinha das Gra\u00e7as Ferreira Duarte.<\/p>\n\n\n\n<figure class=\"wp-block-image size-large\"><img loading=\"lazy\" decoding=\"async\" width=\"780\" height=\"1024\" src=\"http:\/\/blogdoarmindomaia.com.br\/wp-content\/uploads\/2025\/06\/1ab7ebc0-9cd9-42f1-9f4e-eed4e981cf4a-780x1024.jpg\" alt=\"\" class=\"wp-image-8503\" srcset=\"http:\/\/blogdoarmindomaia.com.br\/wp-content\/uploads\/2025\/06\/1ab7ebc0-9cd9-42f1-9f4e-eed4e981cf4a-780x1024.jpg 780w, http:\/\/blogdoarmindomaia.com.br\/wp-content\/uploads\/2025\/06\/1ab7ebc0-9cd9-42f1-9f4e-eed4e981cf4a-229x300.jpg 229w, http:\/\/blogdoarmindomaia.com.br\/wp-content\/uploads\/2025\/06\/1ab7ebc0-9cd9-42f1-9f4e-eed4e981cf4a-768x1008.jpg 768w, http:\/\/blogdoarmindomaia.com.br\/wp-content\/uploads\/2025\/06\/1ab7ebc0-9cd9-42f1-9f4e-eed4e981cf4a-1170x1536.jpg 1170w, http:\/\/blogdoarmindomaia.com.br\/wp-content\/uploads\/2025\/06\/1ab7ebc0-9cd9-42f1-9f4e-eed4e981cf4a-1561x2048.jpg 1561w, http:\/\/blogdoarmindomaia.com.br\/wp-content\/uploads\/2025\/06\/1ab7ebc0-9cd9-42f1-9f4e-eed4e981cf4a-scaled.jpg 1951w\" sizes=\"auto, (max-width: 780px) 100vw, 780px\" \/><\/figure>\n\n\n\n<p> O filme \u00e9 dirigido por J\u00fania Teixeira e Marcus Faria Franco. Formados em R\u00e1dio e TV pela Faculdade C\u00e1sper L\u00edbero, atuam h\u00e1 mais de 15 anos no mercado audiovisual criando, escrevendo e dirigindo projetos como o document\u00e1rio \u201cTempero Daqui\u201d, premiado pela TV Minas e disponibilizado na plataforma MinasPlay, a s\u00e9rie documental \u201cDescubra-se\u201d, al\u00e9m de outros projetos autorais em desenvolvimento. A Fita Amarela Filmes \u00e9 uma produtora independente, de Arax\u00e1-MG, que cria e produz filmes e outros conte\u00fados para o mercado audiovisual brasileiro. Para assistir ao filme \u201cTramas\u201d \u00e9 s\u00f3 acessar diretamente o link: <a href=\"https:\/\/shre.ink\/esZG\">https:\/\/shre.ink\/esZG<\/a>.<\/p>\n\n\n\n<p><\/p>\n","protected":false},"excerpt":{"rendered":"<p>Estreia o filme Tramas, uma produ\u00e7\u00e3o da Fita Amarela Filmes com apoio da Prefeitura Municipal de Arax\u00e1 e Funda\u00e7\u00e3o Calmon<\/p>\n","protected":false},"author":2,"featured_media":8501,"comment_status":"open","ping_status":"open","sticky":false,"template":"","format":"standard","meta":{"footnotes":""},"categories":[9,11],"tags":[],"class_list":["post-8500","post","type-post","status-publish","format-standard","has-post-thumbnail","hentry","category-araxa","category-destaques"],"_links":{"self":[{"href":"http:\/\/blogdoarmindomaia.com.br\/index.php?rest_route=\/wp\/v2\/posts\/8500","targetHints":{"allow":["GET"]}}],"collection":[{"href":"http:\/\/blogdoarmindomaia.com.br\/index.php?rest_route=\/wp\/v2\/posts"}],"about":[{"href":"http:\/\/blogdoarmindomaia.com.br\/index.php?rest_route=\/wp\/v2\/types\/post"}],"author":[{"embeddable":true,"href":"http:\/\/blogdoarmindomaia.com.br\/index.php?rest_route=\/wp\/v2\/users\/2"}],"replies":[{"embeddable":true,"href":"http:\/\/blogdoarmindomaia.com.br\/index.php?rest_route=%2Fwp%2Fv2%2Fcomments&post=8500"}],"version-history":[{"count":1,"href":"http:\/\/blogdoarmindomaia.com.br\/index.php?rest_route=\/wp\/v2\/posts\/8500\/revisions"}],"predecessor-version":[{"id":8504,"href":"http:\/\/blogdoarmindomaia.com.br\/index.php?rest_route=\/wp\/v2\/posts\/8500\/revisions\/8504"}],"wp:featuredmedia":[{"embeddable":true,"href":"http:\/\/blogdoarmindomaia.com.br\/index.php?rest_route=\/wp\/v2\/media\/8501"}],"wp:attachment":[{"href":"http:\/\/blogdoarmindomaia.com.br\/index.php?rest_route=%2Fwp%2Fv2%2Fmedia&parent=8500"}],"wp:term":[{"taxonomy":"category","embeddable":true,"href":"http:\/\/blogdoarmindomaia.com.br\/index.php?rest_route=%2Fwp%2Fv2%2Fcategories&post=8500"},{"taxonomy":"post_tag","embeddable":true,"href":"http:\/\/blogdoarmindomaia.com.br\/index.php?rest_route=%2Fwp%2Fv2%2Ftags&post=8500"}],"curies":[{"name":"wp","href":"https:\/\/api.w.org\/{rel}","templated":true}]}}