{"id":8505,"date":"2025-06-05T13:26:59","date_gmt":"2025-06-05T16:26:59","guid":{"rendered":"http:\/\/blogdoarmindomaia.com.br\/?p=8505"},"modified":"2025-06-05T13:27:00","modified_gmt":"2025-06-05T16:27:00","slug":"curso-tecnologo-em-processos-gerenciais-oferece-formacao-rapida-com-alta-empregabilidade","status":"publish","type":"post","link":"http:\/\/blogdoarmindomaia.com.br\/?p=8505","title":{"rendered":"Curso Tecn\u00f3logo em Processos Gerenciais oferece forma\u00e7\u00e3o r\u00e1pida com alta empregabilidade"},"content":{"rendered":"\n<figure class=\"wp-block-image size-full\"><img loading=\"lazy\" decoding=\"async\" width=\"725\" height=\"1011\" src=\"http:\/\/blogdoarmindomaia.com.br\/wp-content\/uploads\/2025\/06\/logo-TGP.png\" alt=\"\" class=\"wp-image-8506\" srcset=\"http:\/\/blogdoarmindomaia.com.br\/wp-content\/uploads\/2025\/06\/logo-TGP.png 725w, http:\/\/blogdoarmindomaia.com.br\/wp-content\/uploads\/2025\/06\/logo-TGP-215x300.png 215w\" sizes=\"auto, (max-width: 725px) 100vw, 725px\" \/><\/figure>\n\n\n\n<p>Em um cen\u00e1rio onde agilidade e preparo pr\u00e1tico s\u00e3o cada vez mais exigidos pelo mercado de trabalho, o curso tecn\u00f3logo em Processos Gerenciais surge como uma alternativa estrat\u00e9gica para quem busca forma\u00e7\u00e3o superior em menos tempo. Com dura\u00e7\u00e3o m\u00e9dia de dois anos, o curso oferece uma forma\u00e7\u00e3o voltada \u00e0 administra\u00e7\u00e3o de neg\u00f3cios, gest\u00e3o de equipes e otimiza\u00e7\u00e3o de processos organizacionais.<br>Voltado para profissionais em in\u00edcio de carreira ou para quem deseja se reposicionar no mercado, o curso traz uma abordagem pr\u00e1tica e interdisciplinar. Entre as disciplinas, est\u00e3o temas como planejamento estrat\u00e9gico, finan\u00e7as, marketing, log\u00edstica, recursos humanos e empreendedorismo. O foco est\u00e1 no desenvolvimento de habilidades que permitam ao aluno tomar decis\u00f5es gerenciais e implementar melhorias cont\u00ednuas nos processos de uma organiza\u00e7\u00e3o.<br>A aplicabilidade no mercado \u00e9 ampla. O tecn\u00f3logo em Processos Gerenciais encontra espa\u00e7o em empresas privadas, \u00f3rg\u00e3os p\u00fablicos, cooperativas e at\u00e9 mesmo no pr\u00f3prio neg\u00f3cio, caso opte por empreender. \u00c9 comum que esses profissionais ocupem cargos de supervis\u00e3o, coordena\u00e7\u00e3o ou apoio \u00e0 gest\u00e3o, atuando diretamente na melhoria dos resultados da empresa.<br>Segundo especialistas, a forma\u00e7\u00e3o t\u00e9cnica e objetiva do curso proporciona r\u00e1pida inser\u00e7\u00e3o no mercado de trabalho. Al\u00e9m disso, a flexibilidade da profiss\u00e3o permite ao egresso atuar em diversos setores da economia, tornando-o um profissional vers\u00e1til e bastante requisitado.<br>O curso, reconhecido pelo MEC, prepara o aluno n\u00e3o apenas para atuar, mas tamb\u00e9m para pensar estrategicamente. Em tempos de mudan\u00e7as constantes, esse perfil \u00e9 cada vez mais valorizado. Combinando teoria, pr\u00e1tica e vis\u00e3o empreendedora, o tecn\u00f3logo em Processos Gerenciais se consolida como pe\u00e7a-chave para o sucesso das organiza\u00e7\u00f5es na nova economia.<\/p>\n","protected":false},"excerpt":{"rendered":"<p>Em um cen\u00e1rio onde agilidade e preparo pr\u00e1tico s\u00e3o cada vez mais exigidos pelo mercado de trabalho, o curso tecn\u00f3logo<\/p>\n","protected":false},"author":2,"featured_media":8506,"comment_status":"open","ping_status":"open","sticky":false,"template":"","format":"standard","meta":{"footnotes":""},"categories":[9,11,13],"tags":[],"class_list":["post-8505","post","type-post","status-publish","format-standard","has-post-thumbnail","hentry","category-araxa","category-destaques","category-educacao"],"_links":{"self":[{"href":"http:\/\/blogdoarmindomaia.com.br\/index.php?rest_route=\/wp\/v2\/posts\/8505","targetHints":{"allow":["GET"]}}],"collection":[{"href":"http:\/\/blogdoarmindomaia.com.br\/index.php?rest_route=\/wp\/v2\/posts"}],"about":[{"href":"http:\/\/blogdoarmindomaia.com.br\/index.php?rest_route=\/wp\/v2\/types\/post"}],"author":[{"embeddable":true,"href":"http:\/\/blogdoarmindomaia.com.br\/index.php?rest_route=\/wp\/v2\/users\/2"}],"replies":[{"embeddable":true,"href":"http:\/\/blogdoarmindomaia.com.br\/index.php?rest_route=%2Fwp%2Fv2%2Fcomments&post=8505"}],"version-history":[{"count":1,"href":"http:\/\/blogdoarmindomaia.com.br\/index.php?rest_route=\/wp\/v2\/posts\/8505\/revisions"}],"predecessor-version":[{"id":8507,"href":"http:\/\/blogdoarmindomaia.com.br\/index.php?rest_route=\/wp\/v2\/posts\/8505\/revisions\/8507"}],"wp:featuredmedia":[{"embeddable":true,"href":"http:\/\/blogdoarmindomaia.com.br\/index.php?rest_route=\/wp\/v2\/media\/8506"}],"wp:attachment":[{"href":"http:\/\/blogdoarmindomaia.com.br\/index.php?rest_route=%2Fwp%2Fv2%2Fmedia&parent=8505"}],"wp:term":[{"taxonomy":"category","embeddable":true,"href":"http:\/\/blogdoarmindomaia.com.br\/index.php?rest_route=%2Fwp%2Fv2%2Fcategories&post=8505"},{"taxonomy":"post_tag","embeddable":true,"href":"http:\/\/blogdoarmindomaia.com.br\/index.php?rest_route=%2Fwp%2Fv2%2Ftags&post=8505"}],"curies":[{"name":"wp","href":"https:\/\/api.w.org\/{rel}","templated":true}]}}