{"id":8521,"date":"2025-06-18T14:52:03","date_gmt":"2025-06-18T17:52:03","guid":{"rendered":"http:\/\/blogdoarmindomaia.com.br\/?p=8521"},"modified":"2025-06-18T14:52:04","modified_gmt":"2025-06-18T17:52:04","slug":"projeto-dos-alunos-de-historia-do-uniaraxa","status":"publish","type":"post","link":"http:\/\/blogdoarmindomaia.com.br\/?p=8521","title":{"rendered":"Projeto dos alunos de Hist\u00f3ria do UNIARAX\u00c1"},"content":{"rendered":"\n<p>Os alunos do curso de Hist\u00f3ria \u2013 Licenciatura, do UNIARAX\u00c1, est\u00e3o empenhados e muito dedicados no desenvolvimento do Projeto de extens\u00e3o denominado &#8211; Evid\u00eancias hist\u00f3ricas na constru\u00e7\u00e3o identit\u00e1ria do munic\u00edpio.<\/p>\n\n\n\n<figure class=\"wp-block-image size-full\"><img loading=\"lazy\" decoding=\"async\" width=\"300\" height=\"168\" src=\"http:\/\/blogdoarmindomaia.com.br\/wp-content\/uploads\/2025\/06\/images.jpg\" alt=\"\" class=\"wp-image-8522\"\/><\/figure>\n\n\n\n<p>Uma das etapas do projeto, consiste em fazer uma pesquisa em pelo menos 2 patrim\u00f4nios hist\u00f3ricos da cidade, sejam eles materiais ou imateriais, realizando tamb\u00e9m, uma pesquisa com pessoas da sociedade sobre esta tem\u00e1tica.<\/p>\n\n\n\n<p>A aluna Maria Clara, relata que a realiza\u00e7\u00e3o da pesquisa possibilitou entender alguns fatos sobre como a popula\u00e7\u00e3o de Arax\u00e1 percebe e compreende sua cultura e Hist\u00f3ria, visando entender o n\u00edvel de conhecimento dos moradores sobre a hist\u00f3ria local.<\/p>\n\n\n\n<p>Participaram da pesquisa 8 indiv\u00edduos, com idades que variam de 27 a 67 anos, oriundos de distintos contextos socioecon\u00f4micos. A investiga\u00e7\u00e3o foi realizada por meio de entrevistas formais e informais, nas quais foram feitas perguntas referentes a eventos hist\u00f3ricos, figuras significativas e tradi\u00e7\u00f5es culturais de Arax\u00e1.<\/p>\n\n\n\n<p>Os entrevistados foram indagados sobre o conhecimento que t\u00eam acerca da hist\u00f3ria da cidade e suas opini\u00f5es sobre como esse conhecimento poderia ser ampliado e os mesmos se revelaram participativos e um tanto quanto curiosos com o passado de nossa cidade.<\/p>\n\n\n\n<p>A maioria dos entrevistados mostrou ter um entendimento superficial sobre a hist\u00f3ria de Arax\u00e1, e muitos mencionaram eventos e personalidades hist\u00f3ricas mais famosos, como a constru\u00e7\u00e3o de pr\u00e9dios, marcos significativos, alguns pol\u00edticos famosos e a sempre lembrada, Dona Beja. As entrevistas tamb\u00e9m revelaram que muitos s\u00e3o carentes de informa\u00e7\u00f5es detalhadas sobre a funda\u00e7\u00e3o do munic\u00edpio, os primeiros habitantes ou os per\u00edodos e fatos hist\u00f3ricos mais relevantes da nossa cidade.<\/p>\n\n\n\n<p>A pesquisa indicou que para muitos, o conhecimento sobre a hist\u00f3ria local \u00e9 restrito a elementos que s\u00e3o facilmente observ\u00e1veis ou acess\u00edveis, como aspectos tur\u00edsticos, a cultura popular e pessoas retratadas com mais frequ\u00eancia.<\/p>\n\n\n\n<p>Outro fator importante que a pesquisa indicou, \u00e9 que apesar de Arax\u00e1 ter um passado rico em fatos hist\u00f3ricos, muitos residentes t\u00eam um entendimento limitado sobre a nossa hist\u00f3ria e nossa cultura.<\/p>\n\n\n\n<p>Os alunos tamb\u00e9m, solicitaram aos entrevistados as poss\u00edveis causas para este baixo conhecimento sobre nossa hist\u00f3ria, e alguns relataram a falta de iniciativas educativas e culturais focadas na hist\u00f3ria local. Tamb\u00e9m sugeriram a necessidade de projetos e eventos acess\u00edveis a todos, para que possamos aumentar o reconhecimento e a valoriza\u00e7\u00e3o da Hist\u00f3ria de Arax\u00e1, contribuindo para o fortalecimento da identidade local e regional.<\/p>\n\n\n\n<p>Profa. Ivana Guimar\u00e3es Lodi \u2013 coordenadora do curso de Hist\u00f3ria \u2013 Licenciatura.<\/p>\n","protected":false},"excerpt":{"rendered":"<p>Os alunos do curso de Hist\u00f3ria \u2013 Licenciatura, do UNIARAX\u00c1, est\u00e3o empenhados e muito dedicados no desenvolvimento do Projeto de<\/p>\n","protected":false},"author":2,"featured_media":8522,"comment_status":"open","ping_status":"open","sticky":false,"template":"","format":"standard","meta":{"footnotes":""},"categories":[11,13],"tags":[],"class_list":["post-8521","post","type-post","status-publish","format-standard","has-post-thumbnail","hentry","category-destaques","category-educacao"],"_links":{"self":[{"href":"http:\/\/blogdoarmindomaia.com.br\/index.php?rest_route=\/wp\/v2\/posts\/8521","targetHints":{"allow":["GET"]}}],"collection":[{"href":"http:\/\/blogdoarmindomaia.com.br\/index.php?rest_route=\/wp\/v2\/posts"}],"about":[{"href":"http:\/\/blogdoarmindomaia.com.br\/index.php?rest_route=\/wp\/v2\/types\/post"}],"author":[{"embeddable":true,"href":"http:\/\/blogdoarmindomaia.com.br\/index.php?rest_route=\/wp\/v2\/users\/2"}],"replies":[{"embeddable":true,"href":"http:\/\/blogdoarmindomaia.com.br\/index.php?rest_route=%2Fwp%2Fv2%2Fcomments&post=8521"}],"version-history":[{"count":1,"href":"http:\/\/blogdoarmindomaia.com.br\/index.php?rest_route=\/wp\/v2\/posts\/8521\/revisions"}],"predecessor-version":[{"id":8523,"href":"http:\/\/blogdoarmindomaia.com.br\/index.php?rest_route=\/wp\/v2\/posts\/8521\/revisions\/8523"}],"wp:featuredmedia":[{"embeddable":true,"href":"http:\/\/blogdoarmindomaia.com.br\/index.php?rest_route=\/wp\/v2\/media\/8522"}],"wp:attachment":[{"href":"http:\/\/blogdoarmindomaia.com.br\/index.php?rest_route=%2Fwp%2Fv2%2Fmedia&parent=8521"}],"wp:term":[{"taxonomy":"category","embeddable":true,"href":"http:\/\/blogdoarmindomaia.com.br\/index.php?rest_route=%2Fwp%2Fv2%2Fcategories&post=8521"},{"taxonomy":"post_tag","embeddable":true,"href":"http:\/\/blogdoarmindomaia.com.br\/index.php?rest_route=%2Fwp%2Fv2%2Ftags&post=8521"}],"curies":[{"name":"wp","href":"https:\/\/api.w.org\/{rel}","templated":true}]}}