{"id":853,"date":"2022-05-17T16:25:46","date_gmt":"2022-05-17T19:25:46","guid":{"rendered":"http:\/\/blogdoarmindomaia.com.br\/?p=853"},"modified":"2022-05-17T16:25:48","modified_gmt":"2022-05-17T19:25:48","slug":"comecaram-as-atividades-do-programa-jovem-produtor-em-araxa","status":"publish","type":"post","link":"http:\/\/blogdoarmindomaia.com.br\/?p=853","title":{"rendered":"Come\u00e7aram as atividades do programa Jovem Produtor\u00a0 em Arax\u00e1"},"content":{"rendered":"\n<p><\/p>\n\n\n\n<figure class=\"wp-block-image size-full\"><img loading=\"lazy\" decoding=\"async\" width=\"1024\" height=\"683\" src=\"http:\/\/blogdoarmindomaia.com.br\/wp-content\/uploads\/2022\/05\/Comecaram-as-atividades-do-programa-Jovem-Produtor-pag-03.jpeg\" alt=\"\" class=\"wp-image-854\" srcset=\"http:\/\/blogdoarmindomaia.com.br\/wp-content\/uploads\/2022\/05\/Comecaram-as-atividades-do-programa-Jovem-Produtor-pag-03.jpeg 1024w, http:\/\/blogdoarmindomaia.com.br\/wp-content\/uploads\/2022\/05\/Comecaram-as-atividades-do-programa-Jovem-Produtor-pag-03-300x200.jpeg 300w, http:\/\/blogdoarmindomaia.com.br\/wp-content\/uploads\/2022\/05\/Comecaram-as-atividades-do-programa-Jovem-Produtor-pag-03-768x512.jpeg 768w\" sizes=\"auto, (max-width: 1024px) 100vw, 1024px\" \/><\/figure>\n\n\n\n<p>A Secretaria Municipal de A\u00e7\u00e3o Social iniciou nesta semana as atividades do projeto Jovem Produtor. O projeto socioambiental \u00e9 uma pol\u00edtica p\u00fablica implementada pela atual gest\u00e3o da Prefeitura de Arax\u00e1 e contempla jovens entre 18 e 24 anos cursando ou com ensino m\u00e9dio\/t\u00e9cnico conclu\u00eddo e que estejam em situa\u00e7\u00e3o de vulnerabilidade social. As atividades est\u00e3o acontecendo de segunda a sexta-feira, com dura\u00e7\u00e3o de 30 horas semanais, na fazenda C\u00f3rrego Feio. O projeto Jovem Produtor \u00e9 ainda um bra\u00e7o do projeto Cesta Verde, tamb\u00e9m da Secretaria Municipal de A\u00e7\u00e3o Social, que monta cestas de hortali\u00e7as para distribui\u00e7\u00e3o entre benefici\u00e1rios da cesta b\u00e1sica distribu\u00edda pela prefeitura. O projeto tem como meta atuar em diversas \u00e1reas dos conhecimentos com foco no agroneg\u00f3cio. L\u00e1, esses jovens aprendem sobre cultivo de esp\u00e9cies vegetais; produ\u00e7\u00e3o de mudas para reflorestamento; cultivo de hortali\u00e7as; cria\u00e7\u00e3o de su\u00ednos, bovinos e avicultura; e o manejo de pastagem. O secret\u00e1rio Wagner Cruz destaca que tamb\u00e9m h\u00e1 capacita\u00e7\u00e3o sobre \u00e9tica e cidadania, seguran\u00e7a do trabalho, administra\u00e7\u00e3o financeira, direitos trabalhistas, empreendedorismo, entre outros. Ao todo, s\u00e3o 45 alunos que ir\u00e3o receber uma bolsa social no valor de R$ 800 mensais, vale-transporte, refei\u00e7\u00e3o (caf\u00e9 da manh\u00e3, lanche e almo\u00e7o), al\u00e9m de toda assist\u00eancia \u00e0 fam\u00edlia, acompanhamento escolar caso ainda esteja em curso, uniforme, material horto-did\u00e1tico e principalmente acompanhamento para inser\u00e7\u00e3o no mercado de trabalho.<br><\/p>\n","protected":false},"excerpt":{"rendered":"<p>A Secretaria Municipal de A\u00e7\u00e3o Social iniciou nesta semana as atividades do projeto Jovem Produtor. O projeto socioambiental \u00e9 uma<\/p>\n","protected":false},"author":2,"featured_media":854,"comment_status":"open","ping_status":"open","sticky":false,"template":"","format":"standard","meta":{"footnotes":""},"categories":[9,19],"tags":[],"class_list":["post-853","post","type-post","status-publish","format-standard","has-post-thumbnail","hentry","category-araxa","category-meio-ambiente"],"_links":{"self":[{"href":"http:\/\/blogdoarmindomaia.com.br\/index.php?rest_route=\/wp\/v2\/posts\/853","targetHints":{"allow":["GET"]}}],"collection":[{"href":"http:\/\/blogdoarmindomaia.com.br\/index.php?rest_route=\/wp\/v2\/posts"}],"about":[{"href":"http:\/\/blogdoarmindomaia.com.br\/index.php?rest_route=\/wp\/v2\/types\/post"}],"author":[{"embeddable":true,"href":"http:\/\/blogdoarmindomaia.com.br\/index.php?rest_route=\/wp\/v2\/users\/2"}],"replies":[{"embeddable":true,"href":"http:\/\/blogdoarmindomaia.com.br\/index.php?rest_route=%2Fwp%2Fv2%2Fcomments&post=853"}],"version-history":[{"count":1,"href":"http:\/\/blogdoarmindomaia.com.br\/index.php?rest_route=\/wp\/v2\/posts\/853\/revisions"}],"predecessor-version":[{"id":855,"href":"http:\/\/blogdoarmindomaia.com.br\/index.php?rest_route=\/wp\/v2\/posts\/853\/revisions\/855"}],"wp:featuredmedia":[{"embeddable":true,"href":"http:\/\/blogdoarmindomaia.com.br\/index.php?rest_route=\/wp\/v2\/media\/854"}],"wp:attachment":[{"href":"http:\/\/blogdoarmindomaia.com.br\/index.php?rest_route=%2Fwp%2Fv2%2Fmedia&parent=853"}],"wp:term":[{"taxonomy":"category","embeddable":true,"href":"http:\/\/blogdoarmindomaia.com.br\/index.php?rest_route=%2Fwp%2Fv2%2Fcategories&post=853"},{"taxonomy":"post_tag","embeddable":true,"href":"http:\/\/blogdoarmindomaia.com.br\/index.php?rest_route=%2Fwp%2Fv2%2Ftags&post=853"}],"curies":[{"name":"wp","href":"https:\/\/api.w.org\/{rel}","templated":true}]}}