{"id":8532,"date":"2025-06-26T15:11:15","date_gmt":"2025-06-26T18:11:15","guid":{"rendered":"http:\/\/blogdoarmindomaia.com.br\/?p=8532"},"modified":"2025-06-26T15:11:17","modified_gmt":"2025-06-26T18:11:17","slug":"produtores-de-16-paises-participam-da-expoqueijo-2025-em-araxa","status":"publish","type":"post","link":"http:\/\/blogdoarmindomaia.com.br\/?p=8532","title":{"rendered":"Produtores de 16 pa\u00edses participam da Expoqueijo 2025 em Arax\u00e1"},"content":{"rendered":"\n<figure class=\"wp-block-image size-full\"><img loading=\"lazy\" decoding=\"async\" width=\"1000\" height=\"667\" src=\"http:\/\/blogdoarmindomaia.com.br\/wp-content\/uploads\/2025\/06\/Produtores-de-16-paises-participam-da-Expoqueijo-Araxa-2025-pag-22.jpg\" alt=\"\" class=\"wp-image-8534\" srcset=\"http:\/\/blogdoarmindomaia.com.br\/wp-content\/uploads\/2025\/06\/Produtores-de-16-paises-participam-da-Expoqueijo-Araxa-2025-pag-22.jpg 1000w, http:\/\/blogdoarmindomaia.com.br\/wp-content\/uploads\/2025\/06\/Produtores-de-16-paises-participam-da-Expoqueijo-Araxa-2025-pag-22-300x200.jpg 300w, http:\/\/blogdoarmindomaia.com.br\/wp-content\/uploads\/2025\/06\/Produtores-de-16-paises-participam-da-Expoqueijo-Araxa-2025-pag-22-768x512.jpg 768w\" sizes=\"auto, (max-width: 1000px) 100vw, 1000px\" \/><\/figure>\n\n\n\n<p>Come\u00e7ou nesta quinta-feira, 23 de junho, no Barreiro em Arax\u00e1, a edi\u00e7\u00e3o 2025 da Expoqueijo Brasil. Considerado o maior evento de queijos artesanais das Am\u00e9ricas, o festival vai a at\u00e9 domingo e re\u00fane produtores de 16 pa\u00edses e 18 estados brasileiros. Um dos destaques do evento \u00e9 o concurso do queijo artesanal que nesta edi\u00e7\u00e3o, o concurso registrou 1.000 inscri\u00e7\u00f5es distribu\u00eddas em 47 categorias. A an\u00e1lise segue crit\u00e9rios t\u00e9cnicos rigorosos, com foco em sete atributos sensoriais: aspecto global, cor, textura, odor, aroma, consist\u00eancia e sabor. A maioria dos jurados que comp\u00f5em a ExpoQueijo Brasil 2025 possui mais de 15 anos de experi\u00eancia na cadeia de l\u00e1cteos, seja na produ\u00e7\u00e3o, pesquisa, ensino, desenvolvimento tecnol\u00f3gico ou an\u00e1lise sensorial. S\u00e3o profissionais com forma\u00e7\u00e3o t\u00e9cnica e acad\u00eamica.<\/p>\n\n\n\n<p>Mas o evento tamb\u00e9m ter\u00e1 v\u00e1rias atra\u00e7\u00f5es durante os quatro dias de festival. S\u00e3o 80 estandes montados em frente ao Grande Hotel Termas de Arax\u00e1, ocupando uma \u00e1rea de quase tr\u00eas mil metros quadrados. Entre as atra\u00e7\u00f5es, est\u00e1 a Queijaria Tradi\u00e7\u00e3o D\u2019Lourdes, de Autazes, no Amazonas.&nbsp;Os queijos maturados em cacha\u00e7a com cumaru e em caf\u00e9, entre outros queijos ex\u00f3ticos. Al\u00e9m dos queijos, s\u00e3o v\u00e1rios os destaques da feira. O Para\u00edso Verde Azeite de Abacate, de S\u00e3o Sebasti\u00e3o do Para\u00edso (MG). A feira oferece tamb\u00e9m, esta\u00e7\u00f5es de harmoniza\u00e7\u00e3o de caf\u00e9s, geleias e espa\u00e7os voltados para oportunidades de neg\u00f3cios e de cr\u00e9dito. O evento oferta ainda de gra\u00e7a, palestras e troca de experi\u00eancia entre os participantes. Outro destaque \u00e9 a programa\u00e7\u00e3o musical:<\/p>\n\n\n\n<p>Dia 27 \u2013 sexta feira<\/p>\n\n\n\n<p>18:30 hs &#8211; J\u00falio Franco e Banda<\/p>\n\n\n\n<p>20:30 hs- Landau e banda | Show Z\u00e9rois<\/p>\n\n\n\n<p>22:00 hs &#8211; Black White Men &#8211; Alan Tann\u00fas, Hugo Massato, Vitor Fagundes, Walter (Os Arach\u00e1s)<\/p>\n\n\n\n<p>Dia 28 \u2013 s\u00e1bado<\/p>\n\n\n\n<p>15:30 hs &#8211; Tio Sam<\/p>\n\n\n\n<p>17:30 hs &#8211; Quinto Sol Ac\u00fastico<\/p>\n\n\n\n<p>1900 hs &#8211; Old Friends<\/p>\n\n\n\n<p>20:30 hs &#8211; Banda Bem<\/p>\n\n\n\n<p>22:30 hs &#8211; Banda Nice Trip com Andr\u00e9 Frateschi<\/p>\n\n\n\n<p>Dia 29 \u2013 domingo<\/p>\n\n\n\n<p>12:00 hs &#8211; Orquestra Jovem de Arax\u00e1<\/p>\n\n\n\n<p>13:30 hs &#8211; RockNejo Dela\u00b4s | Dalila, Jeane, Let\u00edcia(L\u00f3ttus), Naty (Shots)<\/p>\n\n\n\n<p>14:30 hs &#8211; Nolly Brothers<\/p>\n\n\n\n<p>16:30 hs &#8211; Banda Bicho de P\u00e9<\/p>\n","protected":false},"excerpt":{"rendered":"<p>Come\u00e7ou nesta quinta-feira, 23 de junho, no Barreiro em Arax\u00e1, a edi\u00e7\u00e3o 2025 da Expoqueijo Brasil. Considerado o maior evento<\/p>\n","protected":false},"author":2,"featured_media":8534,"comment_status":"open","ping_status":"open","sticky":false,"template":"","format":"standard","meta":{"footnotes":""},"categories":[9,11],"tags":[],"class_list":["post-8532","post","type-post","status-publish","format-standard","has-post-thumbnail","hentry","category-araxa","category-destaques"],"_links":{"self":[{"href":"http:\/\/blogdoarmindomaia.com.br\/index.php?rest_route=\/wp\/v2\/posts\/8532","targetHints":{"allow":["GET"]}}],"collection":[{"href":"http:\/\/blogdoarmindomaia.com.br\/index.php?rest_route=\/wp\/v2\/posts"}],"about":[{"href":"http:\/\/blogdoarmindomaia.com.br\/index.php?rest_route=\/wp\/v2\/types\/post"}],"author":[{"embeddable":true,"href":"http:\/\/blogdoarmindomaia.com.br\/index.php?rest_route=\/wp\/v2\/users\/2"}],"replies":[{"embeddable":true,"href":"http:\/\/blogdoarmindomaia.com.br\/index.php?rest_route=%2Fwp%2Fv2%2Fcomments&post=8532"}],"version-history":[{"count":1,"href":"http:\/\/blogdoarmindomaia.com.br\/index.php?rest_route=\/wp\/v2\/posts\/8532\/revisions"}],"predecessor-version":[{"id":8535,"href":"http:\/\/blogdoarmindomaia.com.br\/index.php?rest_route=\/wp\/v2\/posts\/8532\/revisions\/8535"}],"wp:featuredmedia":[{"embeddable":true,"href":"http:\/\/blogdoarmindomaia.com.br\/index.php?rest_route=\/wp\/v2\/media\/8534"}],"wp:attachment":[{"href":"http:\/\/blogdoarmindomaia.com.br\/index.php?rest_route=%2Fwp%2Fv2%2Fmedia&parent=8532"}],"wp:term":[{"taxonomy":"category","embeddable":true,"href":"http:\/\/blogdoarmindomaia.com.br\/index.php?rest_route=%2Fwp%2Fv2%2Fcategories&post=8532"},{"taxonomy":"post_tag","embeddable":true,"href":"http:\/\/blogdoarmindomaia.com.br\/index.php?rest_route=%2Fwp%2Fv2%2Ftags&post=8532"}],"curies":[{"name":"wp","href":"https:\/\/api.w.org\/{rel}","templated":true}]}}