{"id":8545,"date":"2025-07-04T11:40:05","date_gmt":"2025-07-04T14:40:05","guid":{"rendered":"http:\/\/blogdoarmindomaia.com.br\/?p=8545"},"modified":"2025-07-04T11:40:06","modified_gmt":"2025-07-04T14:40:06","slug":"uniaraxa-promove-oficina-de-carreiras-para-estudantes-da-rede-publica-de-araxa","status":"publish","type":"post","link":"http:\/\/blogdoarmindomaia.com.br\/?p=8545","title":{"rendered":"UNIARAX\u00c1 promove Oficina de Carreiras para estudantes da Rede P\u00fablica de Arax\u00e1"},"content":{"rendered":"\n<figure class=\"wp-block-image size-large\"><img loading=\"lazy\" decoding=\"async\" width=\"1024\" height=\"576\" src=\"http:\/\/blogdoarmindomaia.com.br\/wp-content\/uploads\/2025\/07\/f4b0af60-c282-483e-8165-c2cf9365262c-1024x576.jpg\" alt=\"\" class=\"wp-image-8546\" srcset=\"http:\/\/blogdoarmindomaia.com.br\/wp-content\/uploads\/2025\/07\/f4b0af60-c282-483e-8165-c2cf9365262c-1024x576.jpg 1024w, http:\/\/blogdoarmindomaia.com.br\/wp-content\/uploads\/2025\/07\/f4b0af60-c282-483e-8165-c2cf9365262c-300x169.jpg 300w, http:\/\/blogdoarmindomaia.com.br\/wp-content\/uploads\/2025\/07\/f4b0af60-c282-483e-8165-c2cf9365262c-768x432.jpg 768w, http:\/\/blogdoarmindomaia.com.br\/wp-content\/uploads\/2025\/07\/f4b0af60-c282-483e-8165-c2cf9365262c.jpg 1280w\" sizes=\"auto, (max-width: 1024px) 100vw, 1024px\" \/><\/figure>\n\n\n\n<p>No \u00faltimo s\u00e1bado, 28 de junho, o UNIARAX\u00c1 realizou a oficina \u201cGest\u00e3o de Carreira: Construindo o Seu Futuro Profissional\u201d, no Teatro CBMM \u2013 Centro Cultural UNIARAX\u00c1, reunindo cerca de 300 alunos do 3\u00ba ano do Ensino M\u00e9dio das escolas p\u00fablicas de Arax\u00e1. A a\u00e7\u00e3o foi organizada pelos acad\u00eamicos do curso de Administra\u00e7\u00e3o, sob a coordena\u00e7\u00e3o do professor Wilton Resende de Freitas e a Coordenadoria de Extens\u00e3o e A\u00e7\u00f5es Comunit\u00e1rias, e teve como prop\u00f3sito orientar os estudantes na importante fase de escolha da carreira e ingresso no mundo do trabalho e no ensino superior.<\/p>\n\n\n\n<p>Com foco no desenvolvimento profissional e pessoal dos participantes, a oficina ofereceu uma programa\u00e7\u00e3o diversificada, que incluiu momentos de orienta\u00e7\u00e3o, atividades pr\u00e1ticas e reflex\u00f5es sobre o futuro. O evento abordou temas como planejamento de carreira, autoconhecimento, prop\u00f3sito profissional, compet\u00eancias do s\u00e9culo XXI, empregabilidade e marketing pessoal e digital, sempre com o objetivo de ampliar os horizontes dos jovens e prepar\u00e1-los para os desafios da vida acad\u00eamica e profissional.<\/p>\n\n\n\n<p>Um dos destaques da programa\u00e7\u00e3o foi a participa\u00e7\u00e3o do professor Arnaldo Galleguillos, que apresentou estrat\u00e9gias para o planejamento de carreira, enfatizando a import\u00e2ncia de metas bem definidas e do desenvolvimento de um plano de a\u00e7\u00e3o concreto. Os estudantes tamb\u00e9m participaram de din\u00e2micas interativas conduzidas pelos alunos do curso de Administra\u00e7\u00e3o, que proporcionaram espa\u00e7o para reflex\u00e3o e troca de experi\u00eancias, incentivando os jovens a reconhecerem suas habilidades e potenciais.<\/p>\n\n\n\n<p>Outro momento importante foi a apresenta\u00e7\u00e3o da Plataforma Servisto, conduzida pela Dra. Sandra Afonso de Castro. A Servisto \u00e9 uma ferramenta que conecta estudantes e jovens profissionais ao mercado de trabalho por meio da cria\u00e7\u00e3o de perfis profissionais estrat\u00e9gicos, promovendo visibilidade e oportunidades de empregabilidade. Representantes do setor Comercial do UNIARAX\u00c1 tamb\u00e9m estiveram presentes, oferecendo informa\u00e7\u00f5es relevantes sobre os cursos e possibilidades oferecidas pela institui\u00e7\u00e3o.<\/p>\n\n\n\n<p>A iniciativa foi poss\u00edvel gra\u00e7as ao apoio fundamental dos diretores das escolas participantes, que viabilizaram a presen\u00e7a dos alunos e fortaleceram a parceria entre a educa\u00e7\u00e3o \u2013 Ensino M\u00e9dio e o ensino superior. Participaram da a\u00e7\u00e3o as seguintes escolas: E.E. Dom Jos\u00e9 Gaspar (Profa. Luciane Gomes Aleixo Monteiro), E.E. Loren Rios Feres (Profa. Daiana Carolina de Andrade), E.E. Prof. Luiz Ant\u00f4nio Correia Oliveira (Prof. Jerry Tadeu de Resende), E.E. Vasco Santos (Prof. Haroldo Jos\u00e9 Guimar\u00e3es), E.E. Rotary (Profa. Eligiane Almeida), E.E. Armando Santos (Prof. Danilo Martins Vargas) e E.E. Coronel Jos\u00e9 Adolfo (Profa. Josimar Cristina da Silva Giorjutti).<\/p>\n\n\n\n<p>O evento tamb\u00e9m recebeu o apoio de patrocinadores que acreditam na transforma\u00e7\u00e3o pela educa\u00e7\u00e3o, como o vereador Rodrigo (Investigador), presidente da Comiss\u00e3o de Educa\u00e7\u00e3o da C\u00e2mara Municipal, e o Atacado Farid, representado pelo Sr. Ant\u00f4nio Farid. O vereador Prof. Jales tamb\u00e9m esteve presente, prestigiando a iniciativa e refor\u00e7ando o compromisso com a juventude araxaense. Ao encerrar a programa\u00e7\u00e3o, o UNIARAX\u00c1 reafirmou seu papel como agente de transforma\u00e7\u00e3o social, comprometido com o fortalecimento da educa\u00e7\u00e3o, da cidadania e do desenvolvimento humano. A Oficina de Carreiras \u00e9 mais uma prova do esfor\u00e7o conjunto entre institui\u00e7\u00e3o, estudantes, educadores e comunidade para preparar os jovens para um futuro mais promissor.<\/p>\n","protected":false},"excerpt":{"rendered":"<p>No \u00faltimo s\u00e1bado, 28 de junho, o UNIARAX\u00c1 realizou a oficina \u201cGest\u00e3o de Carreira: Construindo o Seu Futuro Profissional\u201d, no<\/p>\n","protected":false},"author":2,"featured_media":8546,"comment_status":"open","ping_status":"open","sticky":false,"template":"","format":"standard","meta":{"footnotes":""},"categories":[9,13],"tags":[],"class_list":["post-8545","post","type-post","status-publish","format-standard","has-post-thumbnail","hentry","category-araxa","category-educacao"],"_links":{"self":[{"href":"http:\/\/blogdoarmindomaia.com.br\/index.php?rest_route=\/wp\/v2\/posts\/8545","targetHints":{"allow":["GET"]}}],"collection":[{"href":"http:\/\/blogdoarmindomaia.com.br\/index.php?rest_route=\/wp\/v2\/posts"}],"about":[{"href":"http:\/\/blogdoarmindomaia.com.br\/index.php?rest_route=\/wp\/v2\/types\/post"}],"author":[{"embeddable":true,"href":"http:\/\/blogdoarmindomaia.com.br\/index.php?rest_route=\/wp\/v2\/users\/2"}],"replies":[{"embeddable":true,"href":"http:\/\/blogdoarmindomaia.com.br\/index.php?rest_route=%2Fwp%2Fv2%2Fcomments&post=8545"}],"version-history":[{"count":1,"href":"http:\/\/blogdoarmindomaia.com.br\/index.php?rest_route=\/wp\/v2\/posts\/8545\/revisions"}],"predecessor-version":[{"id":8547,"href":"http:\/\/blogdoarmindomaia.com.br\/index.php?rest_route=\/wp\/v2\/posts\/8545\/revisions\/8547"}],"wp:featuredmedia":[{"embeddable":true,"href":"http:\/\/blogdoarmindomaia.com.br\/index.php?rest_route=\/wp\/v2\/media\/8546"}],"wp:attachment":[{"href":"http:\/\/blogdoarmindomaia.com.br\/index.php?rest_route=%2Fwp%2Fv2%2Fmedia&parent=8545"}],"wp:term":[{"taxonomy":"category","embeddable":true,"href":"http:\/\/blogdoarmindomaia.com.br\/index.php?rest_route=%2Fwp%2Fv2%2Fcategories&post=8545"},{"taxonomy":"post_tag","embeddable":true,"href":"http:\/\/blogdoarmindomaia.com.br\/index.php?rest_route=%2Fwp%2Fv2%2Ftags&post=8545"}],"curies":[{"name":"wp","href":"https:\/\/api.w.org\/{rel}","templated":true}]}}