{"id":8551,"date":"2025-07-09T14:54:03","date_gmt":"2025-07-09T17:54:03","guid":{"rendered":"http:\/\/blogdoarmindomaia.com.br\/?p=8551"},"modified":"2025-07-09T14:54:04","modified_gmt":"2025-07-09T17:54:04","slug":"rock-no-metal-atraiu-quase-4-mil-pessoas-em-12-horas-de-programacao","status":"publish","type":"post","link":"http:\/\/blogdoarmindomaia.com.br\/?p=8551","title":{"rendered":"Rock no Metal atraiu quase 4 mil pessoas em 12 horas de programa\u00e7\u00e3o"},"content":{"rendered":"\n<figure class=\"wp-block-image size-large\"><img loading=\"lazy\" decoding=\"async\" width=\"1024\" height=\"768\" src=\"http:\/\/blogdoarmindomaia.com.br\/wp-content\/uploads\/2025\/07\/Rock-no-Metal-atraiu-quase-4-mil-pessoas-em-12-horas-de-programacao-pag-11-1024x768.jpeg\" alt=\"\" class=\"wp-image-8552\" srcset=\"http:\/\/blogdoarmindomaia.com.br\/wp-content\/uploads\/2025\/07\/Rock-no-Metal-atraiu-quase-4-mil-pessoas-em-12-horas-de-programacao-pag-11-1024x768.jpeg 1024w, http:\/\/blogdoarmindomaia.com.br\/wp-content\/uploads\/2025\/07\/Rock-no-Metal-atraiu-quase-4-mil-pessoas-em-12-horas-de-programacao-pag-11-300x225.jpeg 300w, http:\/\/blogdoarmindomaia.com.br\/wp-content\/uploads\/2025\/07\/Rock-no-Metal-atraiu-quase-4-mil-pessoas-em-12-horas-de-programacao-pag-11-768x576.jpeg 768w, http:\/\/blogdoarmindomaia.com.br\/wp-content\/uploads\/2025\/07\/Rock-no-Metal-atraiu-quase-4-mil-pessoas-em-12-horas-de-programacao-pag-11-1536x1152.jpeg 1536w, http:\/\/blogdoarmindomaia.com.br\/wp-content\/uploads\/2025\/07\/Rock-no-Metal-atraiu-quase-4-mil-pessoas-em-12-horas-de-programacao-pag-11-2048x1536.jpeg 2048w\" sizes=\"auto, (max-width: 1024px) 100vw, 1024px\" \/><\/figure>\n\n\n\n<p>A segunda edi\u00e7\u00e3o do Rock no Metal reuniu, de acordo com a organiza\u00e7\u00e3o, 3.852 pessoas no p\u00e1tio da Funda\u00e7\u00e3o Cultural Calmon Barreto no \u00faltimo s\u00e1bado (5). Com entrada gratuita e uma programa\u00e7\u00e3o de 12h diretas, o evento proporcionou uma imers\u00e3o no universo do rock e dos minerais, unindo cultura, ci\u00eancia e educa\u00e7\u00e3o em um ambiente leve e familiar.<br><br>Shows de bandas locais e regionais como Rock 101, House Band, Slot Machine, Latitude 19 e Special Queen animaram o p\u00fablico ao longo do dia. Al\u00e9m da m\u00fasica ao vivo, o evento contou com food trucks, bar, estandes de produtos tem\u00e1ticos e o espa\u00e7o Rock Experience, realizado em parceria com a School of Rock de Belo Horizonte.<br><br>As esta\u00e7\u00f5es educativas e culturais tamb\u00e9m chamaram a aten\u00e7\u00e3o, com atividades como Mesa de Minerais, Rockeiro por um Dia, Hist\u00f3ria do Rock, Selfie Rock e uma oficina de est\u00eancil para customiza\u00e7\u00e3o de camisetas.<br><br>A manicure M\u00e1rcia Lira participou do evento com amigos e elogiou a proposta. \u201cGostei muito da organiza\u00e7\u00e3o. Foi uma surpresa positiva, especialmente pra quem, como eu, n\u00e3o est\u00e1 t\u00e3o acostumada a ir em eventos como este. O ambiente estava leve, acolhedor, com fam\u00edlias inteiras aproveitando juntas. \u00c9 bacana ver a cidade promovendo esse tipo de programa\u00e7\u00e3o, que vai al\u00e9m do convencional e alcan\u00e7a diferentes gostos\u201d, afirmou.<br><br>O Rock no Metal foi realizado pelo MM Gerdau \u2013 Museu das Minas e do Metal, por meio da Lei Rouanet, com patroc\u00ednio da Gerdau. Em Arax\u00e1, o evento contou com o apoio da Prefeitura de Arax\u00e1, da Funda\u00e7\u00e3o Cultural Calmon Barreto (FCCB) e da CBMM, com realiza\u00e7\u00e3o do Minist\u00e9rio da Cultura e do Governo Federal.<\/p>\n","protected":false},"excerpt":{"rendered":"<p>A segunda edi\u00e7\u00e3o do Rock no Metal reuniu, de acordo com a organiza\u00e7\u00e3o, 3.852 pessoas no p\u00e1tio da Funda\u00e7\u00e3o Cultural<\/p>\n","protected":false},"author":2,"featured_media":8552,"comment_status":"open","ping_status":"open","sticky":false,"template":"","format":"standard","meta":{"footnotes":""},"categories":[9,5,11],"tags":[],"class_list":["post-8551","post","type-post","status-publish","format-standard","has-post-thumbnail","hentry","category-araxa","category-arte-e-cultura","category-destaques"],"_links":{"self":[{"href":"http:\/\/blogdoarmindomaia.com.br\/index.php?rest_route=\/wp\/v2\/posts\/8551","targetHints":{"allow":["GET"]}}],"collection":[{"href":"http:\/\/blogdoarmindomaia.com.br\/index.php?rest_route=\/wp\/v2\/posts"}],"about":[{"href":"http:\/\/blogdoarmindomaia.com.br\/index.php?rest_route=\/wp\/v2\/types\/post"}],"author":[{"embeddable":true,"href":"http:\/\/blogdoarmindomaia.com.br\/index.php?rest_route=\/wp\/v2\/users\/2"}],"replies":[{"embeddable":true,"href":"http:\/\/blogdoarmindomaia.com.br\/index.php?rest_route=%2Fwp%2Fv2%2Fcomments&post=8551"}],"version-history":[{"count":1,"href":"http:\/\/blogdoarmindomaia.com.br\/index.php?rest_route=\/wp\/v2\/posts\/8551\/revisions"}],"predecessor-version":[{"id":8553,"href":"http:\/\/blogdoarmindomaia.com.br\/index.php?rest_route=\/wp\/v2\/posts\/8551\/revisions\/8553"}],"wp:featuredmedia":[{"embeddable":true,"href":"http:\/\/blogdoarmindomaia.com.br\/index.php?rest_route=\/wp\/v2\/media\/8552"}],"wp:attachment":[{"href":"http:\/\/blogdoarmindomaia.com.br\/index.php?rest_route=%2Fwp%2Fv2%2Fmedia&parent=8551"}],"wp:term":[{"taxonomy":"category","embeddable":true,"href":"http:\/\/blogdoarmindomaia.com.br\/index.php?rest_route=%2Fwp%2Fv2%2Fcategories&post=8551"},{"taxonomy":"post_tag","embeddable":true,"href":"http:\/\/blogdoarmindomaia.com.br\/index.php?rest_route=%2Fwp%2Fv2%2Ftags&post=8551"}],"curies":[{"name":"wp","href":"https:\/\/api.w.org\/{rel}","templated":true}]}}