{"id":8554,"date":"2025-07-09T14:55:46","date_gmt":"2025-07-09T17:55:46","guid":{"rendered":"http:\/\/blogdoarmindomaia.com.br\/?p=8554"},"modified":"2025-07-09T14:55:47","modified_gmt":"2025-07-09T17:55:47","slug":"grande-arraia-retorna-ao-estadio-fausto-alvim-com-atracoes-culturais-e-acao-solidaria","status":"publish","type":"post","link":"http:\/\/blogdoarmindomaia.com.br\/?p=8554","title":{"rendered":"Grande Arrai\u00e1 retorna ao Est\u00e1dio Fausto Alvim com atra\u00e7\u00f5es culturais e a\u00e7\u00e3o solid\u00e1ria"},"content":{"rendered":"\n<figure class=\"wp-block-image size-large\"><img loading=\"lazy\" decoding=\"async\" width=\"1024\" height=\"576\" src=\"http:\/\/blogdoarmindomaia.com.br\/wp-content\/uploads\/2025\/07\/Grande-Arraia-retorna-ao-Estadio-Fausto-Alvim-com-atracoes-culturais-pag-06-1024x576.png\" alt=\"\" class=\"wp-image-8555\" srcset=\"http:\/\/blogdoarmindomaia.com.br\/wp-content\/uploads\/2025\/07\/Grande-Arraia-retorna-ao-Estadio-Fausto-Alvim-com-atracoes-culturais-pag-06-1024x576.png 1024w, http:\/\/blogdoarmindomaia.com.br\/wp-content\/uploads\/2025\/07\/Grande-Arraia-retorna-ao-Estadio-Fausto-Alvim-com-atracoes-culturais-pag-06-300x169.png 300w, http:\/\/blogdoarmindomaia.com.br\/wp-content\/uploads\/2025\/07\/Grande-Arraia-retorna-ao-Estadio-Fausto-Alvim-com-atracoes-culturais-pag-06-768x432.png 768w, http:\/\/blogdoarmindomaia.com.br\/wp-content\/uploads\/2025\/07\/Grande-Arraia-retorna-ao-Estadio-Fausto-Alvim-com-atracoes-culturais-pag-06-1536x864.png 1536w, http:\/\/blogdoarmindomaia.com.br\/wp-content\/uploads\/2025\/07\/Grande-Arraia-retorna-ao-Estadio-Fausto-Alvim-com-atracoes-culturais-pag-06.png 1920w\" sizes=\"auto, (max-width: 1024px) 100vw, 1024px\" \/><\/figure>\n\n\n\n<p>O Est\u00e1dio Municipal Fausto Alvim volta a receber o Grande Arrai\u00e1 nos dias 25 e 26 de julho. A festa junina, que se tornou uma das principais celebra\u00e7\u00f5es culturais do calend\u00e1rio de Arax\u00e1, ter\u00e1 entrada gratuita e programa\u00e7\u00e3o voltada \u00e0 valoriza\u00e7\u00e3o da cultura popular e ao fortalecimento de institui\u00e7\u00f5es locais.<\/p>\n\n\n\n<p>Al\u00e9m das apresenta\u00e7\u00f5es musicais e das tradicionais quadrilhas, o evento contar\u00e1 com um livro de causos e barraquinhas de comidas t\u00edpicas. As tendas gastron\u00f4micas ser\u00e3o operadas por entidades assistenciais do munic\u00edpio, em um modelo que alia entretenimento e responsabilidade social.<\/p>\n\n\n\n<p>\u201c\u00c9 um evento que carrega o esp\u00edrito da cultura popular e refor\u00e7a la\u00e7os comunit\u00e1rios. As entidades que atuam diariamente com a popula\u00e7\u00e3o t\u00eam aqui a oportunidade de mostrar seu trabalho e arrecadar recursos\u201d, afirma Elisa Bai\u00e3o Mac\u00eado, presidente da Funda\u00e7\u00e3o Cultural Acia (Facia), respons\u00e1vel pela organiza\u00e7\u00e3o.<\/p>\n\n\n\n<p>A estrutura ser\u00e1 montada no estacionamento do est\u00e1dio e contar\u00e1 com espa\u00e7os para conviv\u00eancia, palco para shows e \u00e1rea exclusiva para as barracas. A organiza\u00e7\u00e3o destaca que a programa\u00e7\u00e3o foi pensada para receber fam\u00edlias e p\u00fablicos de todas as idades.<\/p>\n\n\n\n<p>\u201cO Grande Arrai\u00e1 \u00e9 feito com muito cuidado para oferecer uma festa segura, acess\u00edvel e culturalmente rica. Queremos que a popula\u00e7\u00e3o aproveite e se reconhe\u00e7a nesse espa\u00e7o de celebra\u00e7\u00e3o das nossas ra\u00edzes\u201d, acrescenta Elisa. A programa\u00e7\u00e3o completa ser\u00e1 divulgada em breve.<\/p>\n\n\n\n<p><strong>O Grande Arrai\u00e1<\/strong> O Grande Arrai\u00e1 \u00e9 promovido pela Funda\u00e7\u00e3o Cultural Acia (Facia) e tem o patroc\u00ednio da CBMM, por meio da Lei Federal de Incentivo \u00e0 Cultura, do Minist\u00e9rio da Cultura, Governo Federal. Conta com apoio da Associa\u00e7\u00e3o Comercial, Industrial de Turismo, Servi\u00e7os e Agroneg\u00f3cios de Arax\u00e1 (Acia) e da Prefeitura de Arax\u00e1.<\/p>\n","protected":false},"excerpt":{"rendered":"<p>O Est\u00e1dio Municipal Fausto Alvim volta a receber o Grande Arrai\u00e1 nos dias 25 e 26 de julho. A festa<\/p>\n","protected":false},"author":2,"featured_media":8555,"comment_status":"open","ping_status":"open","sticky":false,"template":"","format":"standard","meta":{"footnotes":""},"categories":[9,5,11],"tags":[],"class_list":["post-8554","post","type-post","status-publish","format-standard","has-post-thumbnail","hentry","category-araxa","category-arte-e-cultura","category-destaques"],"_links":{"self":[{"href":"http:\/\/blogdoarmindomaia.com.br\/index.php?rest_route=\/wp\/v2\/posts\/8554","targetHints":{"allow":["GET"]}}],"collection":[{"href":"http:\/\/blogdoarmindomaia.com.br\/index.php?rest_route=\/wp\/v2\/posts"}],"about":[{"href":"http:\/\/blogdoarmindomaia.com.br\/index.php?rest_route=\/wp\/v2\/types\/post"}],"author":[{"embeddable":true,"href":"http:\/\/blogdoarmindomaia.com.br\/index.php?rest_route=\/wp\/v2\/users\/2"}],"replies":[{"embeddable":true,"href":"http:\/\/blogdoarmindomaia.com.br\/index.php?rest_route=%2Fwp%2Fv2%2Fcomments&post=8554"}],"version-history":[{"count":1,"href":"http:\/\/blogdoarmindomaia.com.br\/index.php?rest_route=\/wp\/v2\/posts\/8554\/revisions"}],"predecessor-version":[{"id":8556,"href":"http:\/\/blogdoarmindomaia.com.br\/index.php?rest_route=\/wp\/v2\/posts\/8554\/revisions\/8556"}],"wp:featuredmedia":[{"embeddable":true,"href":"http:\/\/blogdoarmindomaia.com.br\/index.php?rest_route=\/wp\/v2\/media\/8555"}],"wp:attachment":[{"href":"http:\/\/blogdoarmindomaia.com.br\/index.php?rest_route=%2Fwp%2Fv2%2Fmedia&parent=8554"}],"wp:term":[{"taxonomy":"category","embeddable":true,"href":"http:\/\/blogdoarmindomaia.com.br\/index.php?rest_route=%2Fwp%2Fv2%2Fcategories&post=8554"},{"taxonomy":"post_tag","embeddable":true,"href":"http:\/\/blogdoarmindomaia.com.br\/index.php?rest_route=%2Fwp%2Fv2%2Ftags&post=8554"}],"curies":[{"name":"wp","href":"https:\/\/api.w.org\/{rel}","templated":true}]}}