{"id":856,"date":"2022-05-17T16:27:29","date_gmt":"2022-05-17T19:27:29","guid":{"rendered":"http:\/\/blogdoarmindomaia.com.br\/?p=856"},"modified":"2022-05-17T16:27:31","modified_gmt":"2022-05-17T19:27:31","slug":"prefeitura-de-araxa-leva-vacinas-do-calendario-infantil-para-comunidades-rurais","status":"publish","type":"post","link":"http:\/\/blogdoarmindomaia.com.br\/?p=856","title":{"rendered":"Prefeitura de Arax\u00e1 leva vacinas do calend\u00e1rio infantil para comunidades rurais"},"content":{"rendered":"\n<figure class=\"wp-block-image size-full\"><img loading=\"lazy\" decoding=\"async\" width=\"1024\" height=\"683\" src=\"http:\/\/blogdoarmindomaia.com.br\/wp-content\/uploads\/2022\/05\/Prefeitura-de-Araxa-leva-vacinas-do-calendario-infantil-pag-03.jpeg\" alt=\"\" class=\"wp-image-858\" srcset=\"http:\/\/blogdoarmindomaia.com.br\/wp-content\/uploads\/2022\/05\/Prefeitura-de-Araxa-leva-vacinas-do-calendario-infantil-pag-03.jpeg 1024w, http:\/\/blogdoarmindomaia.com.br\/wp-content\/uploads\/2022\/05\/Prefeitura-de-Araxa-leva-vacinas-do-calendario-infantil-pag-03-300x200.jpeg 300w, http:\/\/blogdoarmindomaia.com.br\/wp-content\/uploads\/2022\/05\/Prefeitura-de-Araxa-leva-vacinas-do-calendario-infantil-pag-03-768x512.jpeg 768w\" sizes=\"auto, (max-width: 1024px) 100vw, 1024px\" \/><\/figure>\n\n\n\n<p>A Prefeitura de Arax\u00e1 realizou na ter\u00e7a-feira (17), a atualiza\u00e7\u00e3o das vacinas do calend\u00e1rio infantil na Comunidade do Tamandu\u00e1, na Zona Rural. O mutir\u00e3o de vacina\u00e7\u00e3o aconteceu das 9h \u00e0s 12h30, no Posto de Sa\u00fade da Escola Municipal Padre In\u00e1cio. A campanha para atualiza\u00e7\u00e3o do Cart\u00e3o de Vacina Infantil est\u00e1 percorrendo comunidades rurais de Arax\u00e1 com o intuito de aumentar a cobertura. A coordenadora da Estrat\u00e9gia de Sa\u00fade da Fam\u00edlia (ESF) Rural, Andressa Neres, diz que a equipe de Imuniza\u00e7\u00e3o j\u00e1 percorreu as comunidades de Itaipu e do Mour\u00e3o Rachado, e neste m\u00eas de maio o cronograma abrange as comunidades do Tamandu\u00e1 (17), Boca da Mata (25) e Bosque dos Ip\u00eas (31). &#8220;Muitas crian\u00e7as no per\u00edodo de pandemia n\u00e3o foram at\u00e9 a cidade se vacinar, por isso estamos fazendo essa campanha na Zona Rural&#8221;, afirma.<br>Ela acrescenta que tamb\u00e9m ser\u00e1 aplicada a vacina da gripe no p\u00fablico priorizado pela campanha nacional &#8211; idosos, crian\u00e7as menores de 5 anos, pessoas com defici\u00eancia, portadores de comorbidades e profissionais da educa\u00e7\u00e3o. &#8220;A vacina contra o sarampo, tr\u00edplice viral, tamb\u00e9m ser\u00e1 aplicada entre profissionais de sa\u00fade e crian\u00e7as com at\u00e9 5 anos&#8221;, completa.<\/p>\n","protected":false},"excerpt":{"rendered":"<p>A Prefeitura de Arax\u00e1 realizou na ter\u00e7a-feira (17), a atualiza\u00e7\u00e3o das vacinas do calend\u00e1rio infantil na Comunidade do Tamandu\u00e1, na<\/p>\n","protected":false},"author":2,"featured_media":858,"comment_status":"open","ping_status":"open","sticky":false,"template":"","format":"standard","meta":{"footnotes":""},"categories":[9,29],"tags":[],"class_list":["post-856","post","type-post","status-publish","format-standard","has-post-thumbnail","hentry","category-araxa","category-saude"],"_links":{"self":[{"href":"http:\/\/blogdoarmindomaia.com.br\/index.php?rest_route=\/wp\/v2\/posts\/856","targetHints":{"allow":["GET"]}}],"collection":[{"href":"http:\/\/blogdoarmindomaia.com.br\/index.php?rest_route=\/wp\/v2\/posts"}],"about":[{"href":"http:\/\/blogdoarmindomaia.com.br\/index.php?rest_route=\/wp\/v2\/types\/post"}],"author":[{"embeddable":true,"href":"http:\/\/blogdoarmindomaia.com.br\/index.php?rest_route=\/wp\/v2\/users\/2"}],"replies":[{"embeddable":true,"href":"http:\/\/blogdoarmindomaia.com.br\/index.php?rest_route=%2Fwp%2Fv2%2Fcomments&post=856"}],"version-history":[{"count":1,"href":"http:\/\/blogdoarmindomaia.com.br\/index.php?rest_route=\/wp\/v2\/posts\/856\/revisions"}],"predecessor-version":[{"id":859,"href":"http:\/\/blogdoarmindomaia.com.br\/index.php?rest_route=\/wp\/v2\/posts\/856\/revisions\/859"}],"wp:featuredmedia":[{"embeddable":true,"href":"http:\/\/blogdoarmindomaia.com.br\/index.php?rest_route=\/wp\/v2\/media\/858"}],"wp:attachment":[{"href":"http:\/\/blogdoarmindomaia.com.br\/index.php?rest_route=%2Fwp%2Fv2%2Fmedia&parent=856"}],"wp:term":[{"taxonomy":"category","embeddable":true,"href":"http:\/\/blogdoarmindomaia.com.br\/index.php?rest_route=%2Fwp%2Fv2%2Fcategories&post=856"},{"taxonomy":"post_tag","embeddable":true,"href":"http:\/\/blogdoarmindomaia.com.br\/index.php?rest_route=%2Fwp%2Fv2%2Ftags&post=856"}],"curies":[{"name":"wp","href":"https:\/\/api.w.org\/{rel}","templated":true}]}}