{"id":8560,"date":"2025-07-09T15:02:32","date_gmt":"2025-07-09T18:02:32","guid":{"rendered":"http:\/\/blogdoarmindomaia.com.br\/?p=8560"},"modified":"2025-07-09T15:02:32","modified_gmt":"2025-07-09T18:02:32","slug":"araxa-esta-entre-as-10-cidades-mineiras-escolhidas-para-o-programa-de-combate-as-mudancas-climaticas","status":"publish","type":"post","link":"http:\/\/blogdoarmindomaia.com.br\/?p=8560","title":{"rendered":"Arax\u00e1 est\u00e1 entre as 10 cidades mineiras escolhidas para o programa de combate \u00e0s mudan\u00e7as clim\u00e1ticas"},"content":{"rendered":"\n<figure class=\"wp-block-image size-large\"><img loading=\"lazy\" decoding=\"async\" width=\"1024\" height=\"566\" src=\"http:\/\/blogdoarmindomaia.com.br\/wp-content\/uploads\/2025\/07\/Araxa-esta-entre-as-10-cidades-mineiras-escolhidas-para-o-programa-de-combate-pag-13-1024x566.png\" alt=\"\" class=\"wp-image-8561\" srcset=\"http:\/\/blogdoarmindomaia.com.br\/wp-content\/uploads\/2025\/07\/Araxa-esta-entre-as-10-cidades-mineiras-escolhidas-para-o-programa-de-combate-pag-13-1024x566.png 1024w, http:\/\/blogdoarmindomaia.com.br\/wp-content\/uploads\/2025\/07\/Araxa-esta-entre-as-10-cidades-mineiras-escolhidas-para-o-programa-de-combate-pag-13-300x166.png 300w, http:\/\/blogdoarmindomaia.com.br\/wp-content\/uploads\/2025\/07\/Araxa-esta-entre-as-10-cidades-mineiras-escolhidas-para-o-programa-de-combate-pag-13-768x425.png 768w, http:\/\/blogdoarmindomaia.com.br\/wp-content\/uploads\/2025\/07\/Araxa-esta-entre-as-10-cidades-mineiras-escolhidas-para-o-programa-de-combate-pag-13.png 1123w\" sizes=\"auto, (max-width: 1024px) 100vw, 1024px\" \/><\/figure>\n\n\n\n<p>O\u00a0<a href=\"https:\/\/www.mg.gov.br\/\" target=\"_blank\" rel=\"noreferrer noopener\">Governo de Minas<\/a>, por meio da\u00a0<a href=\"https:\/\/meioambiente.mg.gov.br\/\" target=\"_blank\" rel=\"noreferrer noopener\">Secretaria de Estado de Meio Ambiente e Desenvolvimento Sustent\u00e1vel de Minas Gerais (Semad)<\/a>, anunciou\u00a0os\u00a0munic\u00edpios selecionados\u00a0para participar do Programa ClimAtiva. A lista dos dez munic\u00edpios indicados \u00e9 a seguinte: Arax\u00e1, Congonhas, Itamarandiba, Monte Carmelo, Naque, Nova Serrana, Par\u00e1 de Minas, Raul Soares, Taiobeiras e Tr\u00eas Cora\u00e7\u00f5es. A iniciativa tem como foco principal apoiar e orientar as cidades na constru\u00e7\u00e3o de seus Planos de A\u00e7\u00e3o Clim\u00e1tica Municipais (Placs), visando \u00e0 redu\u00e7\u00e3o dos impactos provocados pelas mudan\u00e7as clim\u00e1ticas. Os\u00a0 dez munic\u00edpios mineiros foram escolhidos com base em crit\u00e9rios t\u00e9cnicos estabelecidos em edital p\u00fablico. Entre os principais fatores de sele\u00e7\u00e3o, est\u00e3o o grau de vulnerabilidade clim\u00e1tica (medido pelo \u00cdndice Mineiro de Vulnerabilidade Clim\u00e1tica, ou IMVC), a distribui\u00e7\u00e3o geogr\u00e1fica no estado e a diversidade populacional. Arax\u00e1, Congonhas, Itamarandiba, Monte Carmelo, Naque, Nova Serrana, Par\u00e1 de Minas, Raul Soares, Taiobeiras e Tr\u00eas Cora\u00e7\u00f5es.<\/p>\n","protected":false},"excerpt":{"rendered":"<p>O\u00a0Governo de Minas, por meio da\u00a0Secretaria de Estado de Meio Ambiente e Desenvolvimento Sustent\u00e1vel de Minas Gerais (Semad), anunciou\u00a0os\u00a0munic\u00edpios selecionados\u00a0para<\/p>\n","protected":false},"author":2,"featured_media":8561,"comment_status":"open","ping_status":"open","sticky":false,"template":"","format":"standard","meta":{"footnotes":""},"categories":[9,11],"tags":[],"class_list":["post-8560","post","type-post","status-publish","format-standard","has-post-thumbnail","hentry","category-araxa","category-destaques"],"_links":{"self":[{"href":"http:\/\/blogdoarmindomaia.com.br\/index.php?rest_route=\/wp\/v2\/posts\/8560","targetHints":{"allow":["GET"]}}],"collection":[{"href":"http:\/\/blogdoarmindomaia.com.br\/index.php?rest_route=\/wp\/v2\/posts"}],"about":[{"href":"http:\/\/blogdoarmindomaia.com.br\/index.php?rest_route=\/wp\/v2\/types\/post"}],"author":[{"embeddable":true,"href":"http:\/\/blogdoarmindomaia.com.br\/index.php?rest_route=\/wp\/v2\/users\/2"}],"replies":[{"embeddable":true,"href":"http:\/\/blogdoarmindomaia.com.br\/index.php?rest_route=%2Fwp%2Fv2%2Fcomments&post=8560"}],"version-history":[{"count":1,"href":"http:\/\/blogdoarmindomaia.com.br\/index.php?rest_route=\/wp\/v2\/posts\/8560\/revisions"}],"predecessor-version":[{"id":8562,"href":"http:\/\/blogdoarmindomaia.com.br\/index.php?rest_route=\/wp\/v2\/posts\/8560\/revisions\/8562"}],"wp:featuredmedia":[{"embeddable":true,"href":"http:\/\/blogdoarmindomaia.com.br\/index.php?rest_route=\/wp\/v2\/media\/8561"}],"wp:attachment":[{"href":"http:\/\/blogdoarmindomaia.com.br\/index.php?rest_route=%2Fwp%2Fv2%2Fmedia&parent=8560"}],"wp:term":[{"taxonomy":"category","embeddable":true,"href":"http:\/\/blogdoarmindomaia.com.br\/index.php?rest_route=%2Fwp%2Fv2%2Fcategories&post=8560"},{"taxonomy":"post_tag","embeddable":true,"href":"http:\/\/blogdoarmindomaia.com.br\/index.php?rest_route=%2Fwp%2Fv2%2Ftags&post=8560"}],"curies":[{"name":"wp","href":"https:\/\/api.w.org\/{rel}","templated":true}]}}